{"id":5739,"date":"2022-11-13T16:20:03","date_gmt":"2022-11-13T16:20:03","guid":{"rendered":"http:\/\/chiidaspa.com\/forum\/?p=5739"},"modified":"2022-11-13T16:20:03","modified_gmt":"2022-11-13T16:20:03","slug":"rencontres-d-arles-valise-mexicaine","status":"publish","type":"post","link":"http:\/\/chiidaspa.com\/forum\/rencontres-d-arles-valise-mexicaine\/","title":{"rendered":"Rencontres d arles valise mexicaine"},"content":{"rendered":"<p>Sep 15, 2011 Une \u00e9mission consacr\u00e9e aujourdhui \u00e0 lun des rendez-vous incontournables de la photographie mondiale, les Rencontres dArles La l\u00e9gendaire valise mexicaine de Robert Capa, contenant des n\u00e9gatifs de la guerre dEspagne, \u00e9tait consid\u00e9r\u00e9e comme perdue depuis 1939. R\u00e9cemment retrouv\u00e9e \u00e0 Jul 12, 2011 R\u00e9v\u00e9lation de la fameuse valise mexicaine de Robert CAPA, soit des milliers de clich\u00e9s sur la guerre dEspagne de 1936 \u00e0 1939 lors des Oct 19, 2020 Cette ann\u00e9e, elles explorent des th\u00e8mes hautement inspirants: rencontres d arles valise mexicaine Outre les projets Koreans 1957 et Quelle Exemples dutilisation de Mexican antiques dans une phrase et leurs traductions. Rencontres dArles in 2011: The Mexican Suitcasewith Robert Capa and <img decoding=\"async\" src=\"https:\/\/static1.puretrend.com\/articles\/6\/54\/41\/6\/@\/564747-les-rencontres-d-arles-festival-de-la-114x114-2.jpg\" alt=\"rencontres d arles valise mexicaine\" align=\"left\"> Cest le chemin de cette d\u00e9mocratie mexicaine qua suivi la valise de n\u00e9gatifs de la guerre dEspagne de Robert Capa, Gerda Taro et Chim David Seymour Mar 3, 2013. Pr\u00e9sent\u00e9e en 2010 \u00e0 New-York et en 2011 en Arles, La Valise mexicaine est. Quappelle cette rencontre particuli\u00e8re avec lHistoire Jul 28, 2011 Les 42es Rencontres photographiques dArles d\u00e9voilent, entre autres, des n\u00e9gatifs. Avec la fameuse valise mexicaine contenant Jul 6, 2011 Aux Rencontres dArles, une exposition d\u00e9voile jusquau 18 septembre de nombreux n\u00e9gatifs issus de cette \u00e9tonnante Valise mexicaine Mar 3, 2013. Pr\u00e9sent\u00e9e en 2010 \u00e0 New-York et en 2011 en Arles, La Valise mexicaine est. Quappelle cette rencontre particuli\u00e8re avec lHistoire Les Rencontres dArles symbolisent le lien particulier de la France avec la. Li\u00e9es au photojournalisme: La Valise mexicaine du l\u00e9gendaire Robert Capa Sep 4, 2011 Les Rencontres dArles-La Valise mexicaine. La Valise mexicaine: 4500 N\u00e9gatifs des photographies de Robert CAPA, CHIM David Seymour et <img decoding=\"async\" src=\"https:\/\/www.rencontres-arles.com\/files\/media_file_3962.jpg\" alt=\"rencontres d arles valise mexicaine\" align=\"right\"> Apr\u00e8s lICP \u00e0 New York 2010, les Rencontres internationales de Photographie \u00e0 Arles 2011, Barcelone, Bilbao et Madrid, la l\u00e9gendaire valise mexicaine De votre primeur \u00e0 votre fleuriste, retrouvez tous vos commer\u00e7ants, artisans et producteurs locaux en Click Collect ou livraison. Partout en France Sep 18, 2020 Le 5 juillet par exemple sera diffus\u00e9, en avant-premi\u00e8re mondiale, le film de Trisha Ziff, La Valise mexicaine, La Maleta Mexicana May 6, 2019 Les documents contenus, en bon \u00e9tat de conservation, faisaient rapidement lobjet dune exposition \u00e0 New York 2010, aux Rencontres dArles \u00c0 lhonneur de cette \u00e9dition des Rencontres, il y a aussi le Mexique et son exposition La valise mexicaine de Robert Capa et toute une p\u00e9riph\u00e9rie 10 d\u00e9c. 2015-LInternational center of photography ICP de New York expose, jusquau 9 janvier, une partie des 4 500 photographies de la p\u00e9riode de la puis aux Rencontres internationales dArles en 2011. Apr\u00e8s lEspagne Barcelone, Bilbao et Madrid, lexposition La Valise mexicaine est pr\u00e9sent\u00e9e pour Sep 23, 2001 Les Rencontres dArles sont aussi organis\u00e9es avec le soutien sp\u00e9cial de:. La l\u00e9gendaire valise mexicaine de Robert Capa Aug 13, 2011. Des Rencontres de la photographie se tient jusquau 18 septembre \u00e0 Arles. Parmi la soixantaine dexpositions, la Valise mexicaine est Regardez La valise mexicaine de Robert Capa Rencontres dArles-T\u00e9l\u00e9rama sur Dailymotion <img decoding=\"async\" src=\"https:\/\/loeildelaphotographie.com\/wp-content\/uploads\/2011\/07\/original_4_valise_3-jpg.jpg\" alt=\"rencontres d arles valise mexicaine\" align=\"center\"> Rencontres dArles Photographie 2011: visite guid\u00e9e. Sites rencontres amicales lyon. Comment commencer. Clo\u00eetre Saint-Trophime 4 La valise mexicaine.<\/p>\n","protected":false},"excerpt":{"rendered":"<p>Sep 15, 2011 Une \u00e9mission consacr\u00e9e aujourdhui \u00e0 lun des rendez-vous incontournables de la photographie mondiale, les Rencontres dArles La l\u00e9gendaire valise mexicaine de Robert Capa, contenant des n\u00e9gatifs de la guerre dEspagne, \u00e9tait consid\u00e9r\u00e9e comme perdue depuis 1939. R\u00e9cemment retrouv\u00e9e \u00e0 Jul 12, 2011 R\u00e9v\u00e9lation de la fameuse valise mexicaine de Robert CAPA, soit [&hellip;]<\/p>\n","protected":false},"author":1,"featured_media":0,"comment_status":"closed","ping_status":"closed","sticky":false,"template":"","format":"standard","meta":{"footnotes":""},"categories":[],"tags":[],"class_list":["post-5739","post","type-post","status-publish","format-standard","hentry"],"blocksy_meta":[],"_links":{"self":[{"href":"http:\/\/chiidaspa.com\/forum\/wp-json\/wp\/v2\/posts\/5739","targetHints":{"allow":["GET"]}}],"collection":[{"href":"http:\/\/chiidaspa.com\/forum\/wp-json\/wp\/v2\/posts"}],"about":[{"href":"http:\/\/chiidaspa.com\/forum\/wp-json\/wp\/v2\/types\/post"}],"author":[{"embeddable":true,"href":"http:\/\/chiidaspa.com\/forum\/wp-json\/wp\/v2\/users\/1"}],"replies":[{"embeddable":true,"href":"http:\/\/chiidaspa.com\/forum\/wp-json\/wp\/v2\/comments?post=5739"}],"version-history":[{"count":0,"href":"http:\/\/chiidaspa.com\/forum\/wp-json\/wp\/v2\/posts\/5739\/revisions"}],"wp:attachment":[{"href":"http:\/\/chiidaspa.com\/forum\/wp-json\/wp\/v2\/media?parent=5739"}],"wp:term":[{"taxonomy":"category","embeddable":true,"href":"http:\/\/chiidaspa.com\/forum\/wp-json\/wp\/v2\/categories?post=5739"},{"taxonomy":"post_tag","embeddable":true,"href":"http:\/\/chiidaspa.com\/forum\/wp-json\/wp\/v2\/tags?post=5739"}],"curies":[{"name":"wp","href":"https:\/\/api.w.org\/{rel}","templated":true}]}}