{"id":5830,"date":"2022-11-13T16:27:04","date_gmt":"2022-11-13T16:27:04","guid":{"rendered":"http:\/\/chiidaspa.com\/forum\/?p=5830"},"modified":"2022-11-13T16:27:04","modified_gmt":"2022-11-13T16:27:04","slug":"mali-rencontres","status":"publish","type":"post","link":"http:\/\/chiidaspa.com\/forum\/mali-rencontres\/","title":{"rendered":"Mali rencontres"},"content":{"rendered":"<p>Berceau du puissant empire Mandingue, le Mali a conserv\u00e9 les traces ind\u00e9l\u00e9biles de ses traditions. Une richesse culturelle au service dune harmonisation et Jul 15, 2019 Lors de cette rencontre, le Pr\u00e9sident malien sest engag\u00e9 officiellement \u00e0 soutenir le Centre Andr\u00e9 Festoc et son activit\u00e9 en prenant en charge <img decoding=\"async\" src=\"https:\/\/blogs.icrc.org\/hdtse\/wp-content\/uploads\/sites\/113\/2020\/03\/distribution-de-vivres-Mali-1140x620.jpg\" alt=\"mali rencontres\" align=\"right\"> 3 days ago Le pr\u00e9sident fran\u00e7ais va rencontrer le colonel Assimi Go\u00efta, pr\u00e9sident de la transition malienne. Cest la premi\u00e8re fois que les deux chefs Jun 30, 2021 Le Mali prend les commandes de sa Biennale de photographie. Depuis lorigine en 1994, la capitale malienne organise cet \u00e9v\u00e9nement <img decoding=\"async\" src=\"https:\/\/arnaqueinternet.com\/wp-content\/uploads\/2013\/12\/bamako-au-mali.jpg\" alt=\"mali rencontres\" align=\"left\"> 05\u00e8me Rencontre Annuelle CLUB-ER, Bamako Mali. La C\u00f4te dIvoire a abrit\u00e9 les travaux de la 12\u00e8me Rencontre Annuelle du CLUB-ER sur le th\u00e8me Sep 14, 2019 Projection du documentaire de Jean-Michel RODRIGO, suivie dun d\u00e9bat avec le r\u00e9alisateur et Alexis ROY, anthropologue sp\u00e9cialiste du Mali. La Il fmie, on appelle vaisseau de rencontre, deux, aussi fig. Remuer une affaire. B\u00eale puante, mali-rencontre, celle quon trouve \u00e0 acheter par \u00e0 Feb 13, 2014 En ouvrant les travaux du premier atelier, le Premier ministre malien, Oumar Tatam Ly, a estim\u00e9 que cette rencontre \u00e9tait la premi\u00e8re \u00e9tape d Trouver lhomme ou la femme de vos r\u00eaves parmi les nombreuses petites annonces de rencontres gratuites en Mali 5 hours ago Paris avait annonc\u00e9 mercredi quEmmanuel Macron devait se rendre lundi \u00e0 Bamako pour une premi\u00e8re rencontre avec le colonel Assimi Go\u00efta, dans Aug 23, 2018 Place des Cascades, retrouvez un v\u00e9ritable march\u00e9 artisanal r\u00e9unissant les objets et savoirs faire du Mali, du S\u00e9n\u00e9gal, de Mauritanie et de 7 hours ago Le pr\u00e9sident fran\u00e7ais Emmanuel Macron a annul\u00e9, ce vendredi, le d\u00e9placement quil devait effectuer au Mali pour rencontrer le pr\u00e9sident de Aug 7, 2012 Le ministre burkinab\u00e8 des Affaires \u00e9trang\u00e8res, Djibrill Bassol\u00e9, dont le pays conduit la m\u00e9diation dans la crise malienne, est arriv\u00e9 mardi Approche anthropologique et th\u00e9ologique dune rencontre, 1888-1988 Pierre Diarra Autres. La mission chr\u00e9tienne pourrait appara\u00eetre sur un horizon 2 days ago Les enjeux de la premi\u00e8re rencontre, lundi prochain \u00e0 Bamako, Sahel Mali: Emmanuel Macron va rencontrer la junte le 20 d\u00e9cembre Aug 9, 2021 conf\u00e9rencesrencontres. Des Lettres et des Sciences Humaines de Bamako, \u00e0 Sciences Po Lyon et \u00e0 lISARA, auteur de Le Mali r\u00eav\u00e9 <img decoding=\"async\" src=\"https:\/\/www.financialafrik.com\/wp-content\/uploads\/2020\/09\/4101B56D-C3F7-4510-9EF3-DF47F8C98E15.jpeg\" alt=\"mali rencontres\" align=\"left\"> Nov 12, 2021 Jean-Yves Le Drian et FLorence Parly ont rencontr\u00e9 leurs homologues russes, alors que des mouvements de troupes russes ont \u00e9t\u00e9 observ\u00e9s en 3 days ago Mali: le pr\u00e9sident fran\u00e7ais bient\u00f4t \u00e0 Bamako pour une rencontre avec Assimi Go\u00efta Emmanuel Macron se rendra ce lundi 20 d\u00e9cembre \u00e0 Bamako pour Bamako, Mali. D\u00e9couvre les c\u00e9libataires de lune des meilleures villes pour rencontrer du monde: Bamako. Que tu vives ici ou que tu sois en vacances May 29, 2021 maliweb. Net-Premier site dinfo Portail de r\u00e9f\u00e9rence au Mali depuis 2002. Actualit\u00e9 et infos maliennes en continu: Sports, Faits Divers parures de perles et instruments du Mali ainsi que les fix\u00e9s sous verres et cr\u00e9ations en wax du S\u00e9n\u00e9gal. Les Rencontres s\u00e9tendront \u00e0 la Place de Oct 11, 2021 Vingt-quatre heures apr\u00e8s sa lib\u00e9ration, samedi 9 octobre, s\u0153ur Gloria Cecilia Narvaez, ex-otage des djihadistes au Mali, a rencontr\u00e9 D\u00e9couvrez sur decitre. Fr Mali-Terre de Rencontres par Jean-Christophe Plat-\u00c9diteur Jean-Christophe Plat-Librairie Decitre.<\/p>\n","protected":false},"excerpt":{"rendered":"<p>Berceau du puissant empire Mandingue, le Mali a conserv\u00e9 les traces ind\u00e9l\u00e9biles de ses traditions. Une richesse culturelle au service dune harmonisation et Jul 15, 2019 Lors de cette rencontre, le Pr\u00e9sident malien sest engag\u00e9 officiellement \u00e0 soutenir le Centre Andr\u00e9 Festoc et son activit\u00e9 en prenant en charge 3 days ago Le pr\u00e9sident fran\u00e7ais [&hellip;]<\/p>\n","protected":false},"author":1,"featured_media":0,"comment_status":"closed","ping_status":"closed","sticky":false,"template":"","format":"standard","meta":{"footnotes":""},"categories":[],"tags":[],"class_list":["post-5830","post","type-post","status-publish","format-standard","hentry"],"blocksy_meta":[],"_links":{"self":[{"href":"http:\/\/chiidaspa.com\/forum\/wp-json\/wp\/v2\/posts\/5830","targetHints":{"allow":["GET"]}}],"collection":[{"href":"http:\/\/chiidaspa.com\/forum\/wp-json\/wp\/v2\/posts"}],"about":[{"href":"http:\/\/chiidaspa.com\/forum\/wp-json\/wp\/v2\/types\/post"}],"author":[{"embeddable":true,"href":"http:\/\/chiidaspa.com\/forum\/wp-json\/wp\/v2\/users\/1"}],"replies":[{"embeddable":true,"href":"http:\/\/chiidaspa.com\/forum\/wp-json\/wp\/v2\/comments?post=5830"}],"version-history":[{"count":0,"href":"http:\/\/chiidaspa.com\/forum\/wp-json\/wp\/v2\/posts\/5830\/revisions"}],"wp:attachment":[{"href":"http:\/\/chiidaspa.com\/forum\/wp-json\/wp\/v2\/media?parent=5830"}],"wp:term":[{"taxonomy":"category","embeddable":true,"href":"http:\/\/chiidaspa.com\/forum\/wp-json\/wp\/v2\/categories?post=5830"},{"taxonomy":"post_tag","embeddable":true,"href":"http:\/\/chiidaspa.com\/forum\/wp-json\/wp\/v2\/tags?post=5830"}],"curies":[{"name":"wp","href":"https:\/\/api.w.org\/{rel}","templated":true}]}}