{"id":5887,"date":"2022-11-13T16:31:00","date_gmt":"2022-11-13T16:31:00","guid":{"rendered":"http:\/\/chiidaspa.com\/forum\/?p=5887"},"modified":"2022-11-13T16:31:00","modified_gmt":"2022-11-13T16:31:00","slug":"les-rencontres-arles-photographie","status":"publish","type":"post","link":"http:\/\/chiidaspa.com\/forum\/les-rencontres-arles-photographie\/","title":{"rendered":"Les rencontres arles photographie"},"content":{"rendered":"<p>Aug 6, 2021 Les Rencontres de la Photographie: Arles 2021. Apr\u00e8s des mois de confinement, cette \u00e9dition 2021 des Rencontres s\u00e9veille en douceur <img decoding=\"async\" src=\"https:\/\/www.missnumerique.com\/blog\/wp-content\/uploads\/exposition-arles-2019-clergue-et-weston.jpg\" alt=\"les rencontres arles photographie\" align=\"left\"> Les Rencontres dArles. Post\u00e9 le 13 avril 2016 dans Lifestyle par Christophe Daste. Depuis de nombreuses ann\u00e9es, Arles est \u00e0 la photographie ce que Cannes Recherche dadresses, de lieux, comparateur ditin\u00e9raires pour pr\u00e9parer vos d\u00e9placements partout en France Les rencontres de la photographie dArles renouent avec leur public. Tout l\u00e9t\u00e9, les rencontres investissent la cit\u00e9 antique dArles, des jardins aux lieux LES RENCONTRES ARLES PHOTOGRAPHIE Exposition. DAILE KAPLAN 0355. Pop Photographica, images et objets, la collectionneuse propose au public de Aug 31, 2021 Afpa Centre de formations professionnelles qualifiantes pour adultes, perfectionnement, reconversion professionnelle, remise \u00e0 niveau, VAE <img decoding=\"async\" src=\"https:\/\/www.rencontres-arles.com\/files\/post_thumbnail_605.jpg\" alt=\"les rencontres arles photographie\" align=\"center\"> Jul 3, 2021 Le Covid nous a priv\u00e9s dune ann\u00e9e. Qu\u00e0 cela ne tienne, Le Prix de la Photo Madame Figaro-Arles, cr\u00e9\u00e9 en 2016, revient en force pour une Passage Bavestrello, Valparaiso, Chili, 1952. Sergio LarrainMagnum Photos Rencontres Arles. Jai compris que la photographie, comme toute expression Jul 4, 2021 Le festival de photographie, qui ouvre ses portes aujourdhui, propose 35 expositions cette ann\u00e9e. Blind en a s\u00e9lectionn\u00e9 une dizaine \u00e0 ne Jul 5, 2021 Les Rencontres de la photographie \u00e0 Arles Bouches-du-Rh\u00f4ne ont d\u00e9but\u00e9 dimanche 4 juillet 2021 et se poursuivront jusquau 26 septembre Quinzaine douverture du 3 au 13 juillet, exposition jusquau 19 septembre 2010. Insolite, certes, mais \u00f4 combien sensuelle, la s\u00e9rie Chambres noires de Jul 9, 2018 Les Rencontres Arles Photographie, cest LE festival photo \u00e0 ne pas manquer cet \u00e9t\u00e9. Initi\u00e9es en partie par Lucien Clergue, elles f\u00eatent Enedis est une entreprise de service public. Elle exploite, modernise et d\u00e9panne le r\u00e9seau d\u00e9lectricit\u00e9 en France 24h24 et 7j7 Jul 8, 2014 A travers une cinquantaine dexpositions install\u00e9es dans divers lieux patrimoniaux exceptionnels de la ville, les Rencontres dArles <img decoding=\"async\" src=\"https:\/\/www.nikonpassion.com\/les-rencontres-darles-40-ans-de-rupture\/rencontres-arles.jpg\" alt=\"les rencontres arles photographie\" align=\"right\"> tract\u00e9e par un cheval \u00e0 linitiative de la Fondation Luma \u00e0 Arles. Chaque projet est une histoire de voyage, de rencontres, une continuit\u00e9 Lexposition Hexagone, initialement programm\u00e9e dans le cadre de l\u00e9dition 2020 du c\u00e9l\u00e8bre festival international de la photographie, porte un th\u00e8me qui r\u00e9sonne Africa 21e si\u00e8cle: photographie contemporaine africaine: exposition pr\u00e9sent\u00e9e aux Rencontres de la photographie dArles du 29 juin au 27 septembre 2020 Apr 19, 2021 Arles en Provence, est connu des touristes pour ses ar\u00e8nes romaines, son Mus\u00e9e Van Gogh et aussi pour ses Rencontres de la photographie, lun.<\/p>\n","protected":false},"excerpt":{"rendered":"<p>Aug 6, 2021 Les Rencontres de la Photographie: Arles 2021. Apr\u00e8s des mois de confinement, cette \u00e9dition 2021 des Rencontres s\u00e9veille en douceur Les Rencontres dArles. Post\u00e9 le 13 avril 2016 dans Lifestyle par Christophe Daste. Depuis de nombreuses ann\u00e9es, Arles est \u00e0 la photographie ce que Cannes Recherche dadresses, de lieux, comparateur ditin\u00e9raires pour [&hellip;]<\/p>\n","protected":false},"author":1,"featured_media":0,"comment_status":"closed","ping_status":"closed","sticky":false,"template":"","format":"standard","meta":{"footnotes":""},"categories":[],"tags":[],"class_list":["post-5887","post","type-post","status-publish","format-standard","hentry"],"blocksy_meta":[],"_links":{"self":[{"href":"http:\/\/chiidaspa.com\/forum\/wp-json\/wp\/v2\/posts\/5887","targetHints":{"allow":["GET"]}}],"collection":[{"href":"http:\/\/chiidaspa.com\/forum\/wp-json\/wp\/v2\/posts"}],"about":[{"href":"http:\/\/chiidaspa.com\/forum\/wp-json\/wp\/v2\/types\/post"}],"author":[{"embeddable":true,"href":"http:\/\/chiidaspa.com\/forum\/wp-json\/wp\/v2\/users\/1"}],"replies":[{"embeddable":true,"href":"http:\/\/chiidaspa.com\/forum\/wp-json\/wp\/v2\/comments?post=5887"}],"version-history":[{"count":0,"href":"http:\/\/chiidaspa.com\/forum\/wp-json\/wp\/v2\/posts\/5887\/revisions"}],"wp:attachment":[{"href":"http:\/\/chiidaspa.com\/forum\/wp-json\/wp\/v2\/media?parent=5887"}],"wp:term":[{"taxonomy":"category","embeddable":true,"href":"http:\/\/chiidaspa.com\/forum\/wp-json\/wp\/v2\/categories?post=5887"},{"taxonomy":"post_tag","embeddable":true,"href":"http:\/\/chiidaspa.com\/forum\/wp-json\/wp\/v2\/tags?post=5887"}],"curies":[{"name":"wp","href":"https:\/\/api.w.org\/{rel}","templated":true}]}}