{"id":6037,"date":"2022-11-13T16:41:29","date_gmt":"2022-11-13T16:41:29","guid":{"rendered":"http:\/\/chiidaspa.com\/forum\/?p=6037"},"modified":"2022-11-13T16:41:29","modified_gmt":"2022-11-13T16:41:29","slug":"15eme-rencontres-du-cinema-sud-americain","status":"publish","type":"post","link":"http:\/\/chiidaspa.com\/forum\/15eme-rencontres-du-cinema-sud-americain\/","title":{"rendered":"15\u00e8me rencontres du cin\u00e9ma sud am\u00e9ricain"},"content":{"rendered":"<p><img decoding=\"async\" src=\"https:\/\/www.cinelatino.fr\/sites\/default\/files\/lesimages\/capture_du2019ecran_2022-01-18_a_17.25.36_0.png\" alt=\"15\u00e8me rencontres du cin\u00e9ma sud am\u00e9ricain\" align=\"right\"> 15e \u00e9dition des rencontres du cin\u00e9ma sud-am\u00e9ricain Du 15 au 23 mars 2013 \u00e0 Marseille Friche de La Belle de Mai D\u00e8s le 11 f\u00e9vrier en r\u00e9gion Programme 1 day ago La br\u00e8ve tourn\u00e9e dans le Sud-Est asiatique que vient de conclure, mercredi 15 d\u00e9cembre, le secr\u00e9taire dEtat am\u00e9ricain, Antony Blinken ASPAS. LAssociation Solidarit\u00e9 Provence Am\u00e9rique du Sud ASPAS r\u00e9alise notamment les Rencontres du cin\u00e9ma sud-am\u00e9ricain et les Rencontres solidaires 10 hours ago Biotech Showcase Investor Conference virtuel: 10 au 12 janvier 2022, en parall\u00e8le de la conf\u00e9rence annuelle J P. Morgan; 17 au 19 janvier Par Anne-Laure Delatte le 15122021. Repose sur une trentaine d\u00e9tudes men\u00e9es dans des pays europ\u00e9ens et nord-am\u00e9ricains, dont la premi\u00e8re date de 1989 Sep 30, 2020. De cin\u00e9ma latino \u00e0 S\u00e8te: Le meilleur du cin\u00e9ma sud-am\u00e9ricain. Dans le cadre des rencontres culturelles SALSA S\u00e8te Am\u00e9rique Latine Manifestation Cin\u00e9ma-Les 22e Rencontres du Cin\u00e9ma Sud-Am\u00e9ricain organis\u00e9es par lassociation Solidarit\u00e9 Provence Am\u00e9rique du. Rencontres du cin\u00e9ma sud-am\u00e9ricain. La programmation de 2019, du 293 au 64, sarticule autour de la th\u00e9matique Dystopies et d\u00e9fis <img decoding=\"async\" src=\"https:\/\/aspas-provence.org\/wp-content\/uploads\/2019\/01\/Visuel-20es-rencontres-A4-272x220.jpg\" alt=\"15\u00e8me rencontres du cin\u00e9ma sud am\u00e9ricain\" align=\"center\"> Dec 31, 2021 En 1944, suite \u00e0 lattaque de Pearl Harbor, les Am\u00e9ricains ont ordonn\u00e9 le. LhebdHollywood 12mn-Magazine du cin\u00e9ma La revue de 5 r\u00e9alisateurs invit\u00e9s, 15 films en comp\u00e9tition longs et courts, des prix Jury officiel et prix du public, et six pays: Le Mexique, le Br\u00e9sil, lArgentine Le Festival de Biarritz Am\u00e9rique Latine est le festival de r\u00e9f\u00e9rence pour la culture le cin\u00e9ma latino-am\u00e9ricain. Achetez votre abonnement en ligne Jun 17, 2021 La 23e \u00e9dition des Rencontres du cin\u00e9ma sud-am\u00e9ricain \u00e0 Marseille. Provence Am\u00e9rique du Sud ASPAS du 13 au 19 juin 2021 \u00e0 Marseille Vous trouverez dans longlet Documents de cet article une lettre destin\u00e9e au monde \u00e9ducatif concernant les 15es Rencontres du Cin\u00e9ma Sud-Am\u00e9ricain qui se Actualit\u00e9s Edition Gap Alpes du Sud: en direct, photos et vid\u00e9os. En commen\u00e7ant par Les 15e Rencontres du cin\u00e9ma sud-am\u00e9ricain, vendredi 8 octobre \u00e0 <img decoding=\"async\" src=\"https:\/\/cdn.radiofrance.fr\/s3\/cruiser-production\/2022\/03\/0328716b-a4b0-47e6-8f18-1c0a3d047a3b\/1200x680_274028927_2155098674639372_3685114956103621710_n.jpg\" alt=\"15\u00e8me rencontres du cin\u00e9ma sud am\u00e9ricain\" align=\"right\"> Jun 19, 2019 Plus de 30 films seront pr\u00e9sent\u00e9s lors de la 19\u00e8me \u00e9dition des Rencontres du cin\u00e9ma du sud-am\u00e9ricain du 17 au 25 mars \u00e0 Marseille.<\/p>\n","protected":false},"excerpt":{"rendered":"<p>15e \u00e9dition des rencontres du cin\u00e9ma sud-am\u00e9ricain Du 15 au 23 mars 2013 \u00e0 Marseille Friche de La Belle de Mai D\u00e8s le 11 f\u00e9vrier en r\u00e9gion Programme 1 day ago La br\u00e8ve tourn\u00e9e dans le Sud-Est asiatique que vient de conclure, mercredi 15 d\u00e9cembre, le secr\u00e9taire dEtat am\u00e9ricain, Antony Blinken ASPAS. LAssociation Solidarit\u00e9 Provence [&hellip;]<\/p>\n","protected":false},"author":1,"featured_media":0,"comment_status":"closed","ping_status":"closed","sticky":false,"template":"","format":"standard","meta":{"footnotes":""},"categories":[],"tags":[],"class_list":["post-6037","post","type-post","status-publish","format-standard","hentry"],"blocksy_meta":[],"_links":{"self":[{"href":"http:\/\/chiidaspa.com\/forum\/wp-json\/wp\/v2\/posts\/6037","targetHints":{"allow":["GET"]}}],"collection":[{"href":"http:\/\/chiidaspa.com\/forum\/wp-json\/wp\/v2\/posts"}],"about":[{"href":"http:\/\/chiidaspa.com\/forum\/wp-json\/wp\/v2\/types\/post"}],"author":[{"embeddable":true,"href":"http:\/\/chiidaspa.com\/forum\/wp-json\/wp\/v2\/users\/1"}],"replies":[{"embeddable":true,"href":"http:\/\/chiidaspa.com\/forum\/wp-json\/wp\/v2\/comments?post=6037"}],"version-history":[{"count":0,"href":"http:\/\/chiidaspa.com\/forum\/wp-json\/wp\/v2\/posts\/6037\/revisions"}],"wp:attachment":[{"href":"http:\/\/chiidaspa.com\/forum\/wp-json\/wp\/v2\/media?parent=6037"}],"wp:term":[{"taxonomy":"category","embeddable":true,"href":"http:\/\/chiidaspa.com\/forum\/wp-json\/wp\/v2\/categories?post=6037"},{"taxonomy":"post_tag","embeddable":true,"href":"http:\/\/chiidaspa.com\/forum\/wp-json\/wp\/v2\/tags?post=6037"}],"curies":[{"name":"wp","href":"https:\/\/api.w.org\/{rel}","templated":true}]}}