{"id":6125,"date":"2022-11-13T16:47:36","date_gmt":"2022-11-13T16:47:36","guid":{"rendered":"http:\/\/chiidaspa.com\/forum\/?p=6125"},"modified":"2022-11-13T16:47:36","modified_gmt":"2022-11-13T16:47:36","slug":"rencontre-psa-montebourg","status":"publish","type":"post","link":"http:\/\/chiidaspa.com\/forum\/rencontre-psa-montebourg\/","title":{"rendered":"Rencontre psa montebourg"},"content":{"rendered":"<p><img decoding=\"async\" src=\"https:\/\/cdn-s-www.republicain-lorrain.fr\/images\/86414CF5-B60D-4D46-BA4D-27CBC6EE8821\/NW_raw\/psa-a-detaille-dans-un-document-transmis-aux-syndicats-le-calendrier-de-l-arret-de-la-production-a-aulnay-sous-bois-en-2014-une-phase-de-licenciement-collectif-pour-motif-economique-sera-ouverte-si-a-l-issue-de-la-phase-de-volontariat-destinee-a-eviter-les-licenciements-il-n-a-pas-pu-etre-procede-au-reclassement-de-la-totalite-des-salaries-concernes-par-la-suppression-des-postes-3-000-a-aulnay-les-activites-de-production-seront-supprimees-et-recentrees-en-region-parisienne-sur-poissy-photo-afp-1582283340.jpg\" alt=\"rencontre psa montebourg\" align=\"center\"> <img decoding=\"async\" src=\"https:\/\/static.lexpress.fr\/medias_8835\/w_1815,h_1362,c_crop,x_0,y_0\/w_640,h_358,c_fill,g_center\/v1383757815\/le-ministre-du-redressement-productif-arnaud-montebourg-a-l-elysee-le-6-novembre-2013_4523684.jpg\" alt=\"rencontre psa montebourg\" align=\"right\"> <img decoding=\"async\" src=\"https:\/\/img.lemde.fr\/2011\/11\/08\/129\/0\/3058\/1529\/1440\/720\/60\/0\/ill_1600327_5d9a_ill_1529801_7620_829837.jpg\" alt=\"rencontre psa montebourg\" align=\"left\"> Sep 29, 2012 Je veux rencontrer les salari\u00e9s de PSA que jai d\u00e9j\u00e0 vus \u00e0 3 reprises et qui d\u00e9fendent l\u00e9gitimement leur travail Oct 6, 2012 Montebourg rencontre les PSA. A commenc\u00e9 sa visite du Mondial de lAutomobile par une rencontre avec les syndicats de PSA Aulnay PARIS-Des repr\u00e9sentants syndicaux de lusine PSA dAulnay-sous-Bois Seine-Saint-Denis, qui doit fermer en 2014, rencontreront Arnaud Montebourg Heureuse de rencontrer nos amis Chinois gr\u00e2ce \u00e0 ce club prestigieux. Louis GALLOIS, PSA Peugeot Citro\u00ebn. Arnaud MONTEBOURG, ancien Ministre Oct 6, 2012 A loccasion de sa visite du Mondial de lAutomobile le ministre du Redressement productif a rencontr\u00e9 les syndicats de PSA Aulnay et Nov 4, 2013 Patrick Bellity a d\u00e9j\u00e0 rencontr\u00e9 Arnaud Montebourg lors des. De PSA qui la c\u00e9d\u00e9e en 2002 et que Groupe Arche a rachet\u00e9e en 2007 Oct 7, 2012 Arnaud Montebourg accuse la direction de PSA de dissimulations sur la sant\u00e9 de lentreprise qui, il en veut pour preuve Le ministre du Redressement productif, Arnaud Montebourg, a annonc\u00e9 samedi. De PSA, ont indiqu\u00e9 des repr\u00e9sentants syndicaux qui venaient de rencontrer le Le groupe PSA Peugeot Citro\u00ebn, en difficult\u00e9s financi\u00e8res et confront\u00e9 \u00e0 une M. Montebourg a aussi souhait\u00e9 rencontrer le principal actionnaire du Sep 25, 2012 Face \u00e0 la chute des ventes de voitures en France et en Europe, les deux constructeurs fran\u00e7ais PSA Peugeot Citro\u00ebn et Renault ont r\u00e9duit la Jul 20, 2012 Le ministre du Redressement productif Arnaud Montebourg va rencontrer vendredi matin deux repr\u00e9sentants de PSA Peugeot Citro\u00ebn et deux Sep 13, 2012 Le ministre du Redressement productif, qui doit rencontrer le patron de PSA, veut demander des efforts aux actionnaires point\u00e9s du doigt Jul 18, 2012 Pour Arnaud Montebourg, le ministre du Redressement productif, Avec la strat\u00e9gie adopt\u00e9e ces derni\u00e8res ann\u00e9es par PSA Peugeot Citro\u00ebn Selon nos informations, des syndicats du site PSA \u00e0 Aulnay-sous-Bois rencontreraient le ministre du Redressement Productif Arnaud Montebourg, aujourdhui \u00e0 Jun 28, 2013 Un de vos ministres, Arnaud MONTEBOURG, expliquait que le pr\u00e9sident de la Commission. La dette, personne ne la rencontre dans la rue.<\/p>\n","protected":false},"excerpt":{"rendered":"<p>Sep 29, 2012 Je veux rencontrer les salari\u00e9s de PSA que jai d\u00e9j\u00e0 vus \u00e0 3 reprises et qui d\u00e9fendent l\u00e9gitimement leur travail Oct 6, 2012 Montebourg rencontre les PSA. A commenc\u00e9 sa visite du Mondial de lAutomobile par une rencontre avec les syndicats de PSA Aulnay PARIS-Des repr\u00e9sentants syndicaux de lusine PSA dAulnay-sous-Bois Seine-Saint-Denis, [&hellip;]<\/p>\n","protected":false},"author":1,"featured_media":0,"comment_status":"closed","ping_status":"closed","sticky":false,"template":"","format":"standard","meta":{"footnotes":""},"categories":[],"tags":[],"class_list":["post-6125","post","type-post","status-publish","format-standard","hentry"],"blocksy_meta":[],"_links":{"self":[{"href":"http:\/\/chiidaspa.com\/forum\/wp-json\/wp\/v2\/posts\/6125","targetHints":{"allow":["GET"]}}],"collection":[{"href":"http:\/\/chiidaspa.com\/forum\/wp-json\/wp\/v2\/posts"}],"about":[{"href":"http:\/\/chiidaspa.com\/forum\/wp-json\/wp\/v2\/types\/post"}],"author":[{"embeddable":true,"href":"http:\/\/chiidaspa.com\/forum\/wp-json\/wp\/v2\/users\/1"}],"replies":[{"embeddable":true,"href":"http:\/\/chiidaspa.com\/forum\/wp-json\/wp\/v2\/comments?post=6125"}],"version-history":[{"count":0,"href":"http:\/\/chiidaspa.com\/forum\/wp-json\/wp\/v2\/posts\/6125\/revisions"}],"wp:attachment":[{"href":"http:\/\/chiidaspa.com\/forum\/wp-json\/wp\/v2\/media?parent=6125"}],"wp:term":[{"taxonomy":"category","embeddable":true,"href":"http:\/\/chiidaspa.com\/forum\/wp-json\/wp\/v2\/categories?post=6125"},{"taxonomy":"post_tag","embeddable":true,"href":"http:\/\/chiidaspa.com\/forum\/wp-json\/wp\/v2\/tags?post=6125"}],"curies":[{"name":"wp","href":"https:\/\/api.w.org\/{rel}","templated":true}]}}