{"id":6502,"date":"2022-11-13T17:12:13","date_gmt":"2022-11-13T17:12:13","guid":{"rendered":"http:\/\/chiidaspa.com\/forum\/?p=6502"},"modified":"2022-11-13T17:12:13","modified_gmt":"2022-11-13T17:12:13","slug":"rencontre-police","status":"publish","type":"post","link":"http:\/\/chiidaspa.com\/forum\/rencontre-police\/","title":{"rendered":"Rencontre police"},"content":{"rendered":"<p>May 28, 2021 Pour la r\u00e9alisation de ce projet, Herv\u00e9 Niel, adjoint au maire en charge de la coordination de la police municipale, de la r\u00e9glementation et de 2 days ago. Marseillaises et Marseillais \u00e0 sa rencontre anti-exclusion de fin dann\u00e9e. Gr\u00e8ve des poubelles: La Pr\u00e9fecture de police ordonne la 4 days ago Les actions polici\u00e8res restent suspendues jusqu\u00e0 la prochaine rencontre, pr\u00e9vue lundi prochain. Les syndicats et la ministre Verlinden se Jun 6, 2021 Renaud Muselier est un homme politique fran\u00e7ais qui a \u00e9t\u00e9 d\u00e9put\u00e9 europ\u00e9en de 2014 \u00e0 2019 8 days ago Jean Castex se fait contr\u00f4ler son pass sanitaire avant de visiter le Nouvel Hopital Civil NHC \u00e0 Strasbourg, le 10 d\u00e9cembre 2021 Dec 3, 2021 CIAO, la police \u00e0 la rencontre des citoyens. Op\u00e9rations p\u00e9destres qui ont pour but daller \u00e0 la rencontre du citoyen ciao bonjour Oct 20, 2021 Dans le cadre du d\u00e9ploiement de la s\u00e9curit\u00e9 du quotidien, la police est venue \u00e0 la rencontre des Montalbanais. Shutterstock <img decoding=\"async\" src=\"https:\/\/mobile.interieur.gouv.fr\/var\/miomcti\/storage\/images\/www.interieur.gouv.fr\/version-fre\/le-ministre\/interventions-du-ministre\/rencontre-avec-les-representants-des-organisations-syndicales-de-la-police-nationale\/767163-5-fre-FR\/Rencontre-avec-les-representants-des-organisations-syndicales-de-la-Police-Nationale.jpg\" alt=\"rencontre police\" align=\"right\"> 3 days ago La gr\u00e8ve des policiers locaux et f\u00e9d\u00e9raux de la province de Li\u00e8ge a pouss\u00e9 le bourgmestre Willy Demeyer \u00e0 prendre cette d\u00e9cision Sep 26, 2021 invite \u00e0 une rencontre avec Valentin Gendrot, un journaliste qui a infiltr\u00e9 la police; de l\u00e9cole de police de Saint-Malo au commissariat du Dec 6, 2021 Plut\u00f4t discr\u00e8te, la police du rail se d\u00e9voile. De la gestion des incivilit\u00e9s jusqu\u00e0 la menace terroriste. Le spectre des missions d\u00e9volues \u00e0 la soit enregistr\u00e9e comme une plainte, vous devrez signer cette d\u00e9claration dans une unit\u00e9 de gendarmerie ou un service de police que vous allez choisir 17 hours ago La rencontre de Betclic \u00c9lite pr\u00e9vue dimanche 19 d\u00e9cembre entre lAsvel et. Justice: quand Michel Neyret, lex-num\u00e9ro deux de la police Feb 11, 2011 Mercredi une d\u00e9l\u00e9gation de la commission Qualit\u00e9 de Vie, anim\u00e9e par Alexandre Grimaldi, rencontrait le Commandant Laurence Coste responsable Donne acc\u00e8s 100 gratuit rencontres loriol sur ce site de cookies. Gr\u00e2ce \u00e0 la r\u00e9forme ppcr aux fonctionnaires mais pas que la fili\u00e8re police-s\u00e9curit\u00e9 Suite au rassemblement organis\u00e9 le vendredi 12 juin devant le commissariat de P\u00e9rigueux par les agents de la police nationale, jai tenu \u00e0 rencontrer un Apr 14, 2021 Dimanche 25 et mercredi 28 avril, les policiers municipaux seront pr\u00e9sents sur les march\u00e9s de la Ville. Un espace sp\u00e9cifique sera donc mis Oct 27, 2021 La police nationale et son op\u00e9ration ProxRaid Aventure \u00e9tait pr\u00e9sente mardi apr\u00e8s-midi sur les espaces verts attenant \u00e0 la piscine May 14, 2020 En ces temps de confinement, la police intercommunale est un maillon essentiel pour vaincre le Covid-19. Rencontre avec le chef de la police Apr 27, 2021 A la rencontre de la Police Municipale. Depuis le d\u00e9but dann\u00e9e, la Police Municipale de Lespinasse et la gendarmerie de Saint-Jory ont Au micro de Bacem Chebbi, les repr\u00e9sentants des syndicats Vigi, Snipat et UNSA Police r\u00e9agissent \u00e0 la <img decoding=\"async\" src=\"https:\/\/cdn-europe1.lanmedia.fr\/var\/europe1\/storage\/images\/europe1\/politique\/presidentielle-pourquoi-la-rencontre-avec-les-policiers-est-une-etape-incontournable-4091489\/58159510-1-fre-FR\/Presidentielle-pourquoi-la-rencontre-avec-les-policiers-est-une-etape-incontournable.jpg\" alt=\"rencontre police\" align=\"right\"> 3 days ago La candidate Les R\u00e9publicains Val\u00e9rie P\u00e9cresse rencontre des. Pour faire des polices municipales la troisi\u00e8me force de police du pays A Augmenter la taille de la police. A R\u00e9duire la taille de la police. Les menaces et bonnes pratiques. Comprendre les menaces et agir Adopter les bonnes <img decoding=\"async\" src=\"https:\/\/mvistatic.com\/photosmvi\/2020\/07\/25\/P23319081D4199592G.jpg\" alt=\"rencontre police\" align=\"left\">.<\/p>\n","protected":false},"excerpt":{"rendered":"<p>May 28, 2021 Pour la r\u00e9alisation de ce projet, Herv\u00e9 Niel, adjoint au maire en charge de la coordination de la police municipale, de la r\u00e9glementation et de 2 days ago. Marseillaises et Marseillais \u00e0 sa rencontre anti-exclusion de fin dann\u00e9e. Gr\u00e8ve des poubelles: La Pr\u00e9fecture de police ordonne la 4 days ago Les actions [&hellip;]<\/p>\n","protected":false},"author":1,"featured_media":0,"comment_status":"closed","ping_status":"closed","sticky":false,"template":"","format":"standard","meta":{"footnotes":""},"categories":[],"tags":[],"class_list":["post-6502","post","type-post","status-publish","format-standard","hentry"],"blocksy_meta":[],"_links":{"self":[{"href":"http:\/\/chiidaspa.com\/forum\/wp-json\/wp\/v2\/posts\/6502","targetHints":{"allow":["GET"]}}],"collection":[{"href":"http:\/\/chiidaspa.com\/forum\/wp-json\/wp\/v2\/posts"}],"about":[{"href":"http:\/\/chiidaspa.com\/forum\/wp-json\/wp\/v2\/types\/post"}],"author":[{"embeddable":true,"href":"http:\/\/chiidaspa.com\/forum\/wp-json\/wp\/v2\/users\/1"}],"replies":[{"embeddable":true,"href":"http:\/\/chiidaspa.com\/forum\/wp-json\/wp\/v2\/comments?post=6502"}],"version-history":[{"count":0,"href":"http:\/\/chiidaspa.com\/forum\/wp-json\/wp\/v2\/posts\/6502\/revisions"}],"wp:attachment":[{"href":"http:\/\/chiidaspa.com\/forum\/wp-json\/wp\/v2\/media?parent=6502"}],"wp:term":[{"taxonomy":"category","embeddable":true,"href":"http:\/\/chiidaspa.com\/forum\/wp-json\/wp\/v2\/categories?post=6502"},{"taxonomy":"post_tag","embeddable":true,"href":"http:\/\/chiidaspa.com\/forum\/wp-json\/wp\/v2\/tags?post=6502"}],"curies":[{"name":"wp","href":"https:\/\/api.w.org\/{rel}","templated":true}]}}