{"id":6555,"date":"2022-11-13T17:15:35","date_gmt":"2022-11-13T17:15:35","guid":{"rendered":"http:\/\/chiidaspa.com\/forum\/?p=6555"},"modified":"2022-11-13T17:15:35","modified_gmt":"2022-11-13T17:15:35","slug":"marine-le-pen-rencontre-melenchon","status":"publish","type":"post","link":"http:\/\/chiidaspa.com\/forum\/marine-le-pen-rencontre-melenchon\/","title":{"rendered":"Marine le pen rencontre melenchon"},"content":{"rendered":"<p>May 15, 2019 Le conseiller r\u00e9gional LFI Andr\u00e9a Kotarac a annonc\u00e9 quil voterait pour le Rassemblement national aux europ\u00e9ennes. Jean-Luc M\u00e9lenchon, que May 10, 2012 Le secr\u00e9taire national du Parti communiste Pierre Laurent a soumis la proposition au patron f\u00e9d\u00e9ral du parti Herv\u00e9 Poly et ce dernier a 4 days ago Revoir la vid\u00e9o Marine Le Pen coinc\u00e9e entre V. P\u00e9cresse et \u00c9 Zemmour. Sur, moment fort de l\u00e9mission du 14-12-2021 sur france. Tv Sep 23, 2021 Le candidat LFI \u00e0 la pr\u00e9sidentielle avait \u00e9t\u00e9 invit\u00e9 par la cha\u00eene du service public dans son \u00e9mission Elys\u00e9e 2022, mais il aurait voulu Sep 4, 2021 Ce vendredi 3 septembre, le maire de B\u00e9ziers Robert M\u00e9nard a invit\u00e9 les deux probables candidats \u00e0 la pr\u00e9sidentielle \u00c9ric Zemmour et Marine Feb 22, 2017 POLITIQUE-Un large \u00e9ventail de politiques, sans Marine Le Pen ni Jean-Luc M\u00e9lenchon: le Conseil repr\u00e9sentatif des institutions juives de Dec 7, 2019 LInsoumis Jean-Luc M\u00e9lenchon veut se pacser avec lInsoumise Marine Le Pen. Et lHumanit\u00e9 s\u00e9trangle dindignation VID\u00c9O-Apr\u00e8s un long bain de foule sur le Vieux-Port, Macron va \u00e0 la rencontre de M\u00e9lenchon \u00e0 une terrasse de caf\u00e9 Apr 29, 2017 Exit le clivage droite-gauche. Aujourdhui, cest celui des mondialistes et des nationaux. Elle d\u00e9fend bec et ongles la nation souveraine 2 \u00e0 l\u00c9mission politique, accuse Laurent Wauquiez d\u00eatre un joli hologramme de Marine Le Pen. HOMME Voir RENCONTRE Voir TROISI\u00c8ME HORIZON Voir BLEU <img decoding=\"async\" src=\"https:\/\/img-4.linternaute.com\/GYu5Cwfqh7m6VOT0siKtp2cdfLk=\/1500x\/smart\/76cbc1d162264b08abe888c514d9f637\/ccmcms-linternaute\/33271847.jpg\" alt=\"marine le pen rencontre melenchon\" align=\"center\"> Aug 8, 2016 R\u00e8glements de comptes au Front national. Cette fiction d\u00e9t\u00e9 met en sc\u00e8ne de v\u00e9ritables personnages confront\u00e9s \u00e0 des situations imaginaires Sep 4, 2021 Alors que Marine Le Pen pr\u00e9f\u00e9rait un d\u00eener \u00e0 un d\u00e9bat avec le pol\u00e9miste, le patron de La France insoumise a saisi loccasion Jun 8, 2012 Son face-\u00e0-face violent avec M\u00e9lenchon a radicalis\u00e9 la campagne dans la 11e circonscription du Pas-de-Calais, o\u00f9 la leader du FN est donn\u00e9e Jean-Luc M\u00e9lenchon Un index alphab\u00e9tique de tous les sujets-international, \u00e9conomie, politique, scientifique, culture et loisirs-diffus\u00e9s par euronews 6 days ago Eric Zemmour, Marine Le Pen ou Jean-Luc M\u00e9lenchon ont tous d\u00e9j\u00e0 manifest\u00e9 un int\u00e9r\u00eat prononc\u00e9 pour la Russie de Vladimir Poutine Dec 2, 2021 Que feriez-vous pour \u00e9viter une telle casse sociale. La D\u00e9p\u00eache du Midi a demand\u00e9 aux candidats \u00e0 l\u00e9lection pr\u00e9sidentielle quelles Oct 20, 2021 Marine Le Pen lors de sa rencontre avec Vladimir Poutine au Kremlin le 24 mars 2017. Cest lune des personnalit\u00e9s en course pour l\u00c9lys\u00e9e \u00e0 <img decoding=\"async\" src=\"https:\/\/cdn.radiofrance.fr\/s3\/cruiser-production\/2021\/11\/709b741f-d705-4af1-a405-ff2f0810d791\/838_ip.jpg\" alt=\"marine le pen rencontre melenchon\" align=\"right\"> May 12, 2012 Je suis quelquun qui propose comme r\u00e9ponse \u00e0 la crise le social et pas lethnique, a annonc\u00e9 Jean-Luc M\u00e9lenchon sur France-3 Sep 19, 2021 Le leader de la France insoumise a annonc\u00e9 quil d\u00e9battrait avec le pol\u00e9miste \u00c9ric Zemmour sur BFMTV, dans la soir\u00e9e de jeudi 23 septembre Apr 11, 2021 Emmanuel Macron, Xavier Bertrand et Val\u00e9rie P\u00e9cresse lemporteraient face \u00e0 Marine Le Pen au second tour de la pr\u00e9sidentielle de 2022 Jean-Luc M\u00e9lenchon est arriv\u00e9 le premier sur le plateau du Grand D\u00e9bat sur TF1 lundi 20 mars. Il a fait une gaffe qui aurait pu changer la <img decoding=\"async\" src=\"https:\/\/img.lamontagne.fr\/Ui_d7ei3F4MJX6i4e4VwWARbwKuCSRmD6aM8FIUF6sY\/fit\/657\/438\/sm\/0\/bG9jYWw6Ly8vMDAvMDAvMDYvMTEvMDEvMjAwMDAwNjExMDExNQ.jpg\" alt=\"marine le pen rencontre melenchon\" align=\"center\"> May 12, 2012 Je suis quelquun qui propose comme r\u00e9ponse \u00e0 la crise le social et pas lethnique, a annonc\u00e9 Jean-Luc M\u00e9lenchon sur France-3 Apr 20, 2017 Au menu de cette revue de presse fran\u00e7aise, jeudi 20 avril, la campagne pour la pr\u00e9sidentielle et la question du vote des ouvriers Sep 23, 2021 Jean-Luc M\u00e9lenchon et Eric Zemmour, deux tribuns \u00e0 loppos\u00e9 du spectre politique, repr\u00e9sentant pour lun la gauche radicale et pour lautre Apr 4, 2011 L\u00e9change est tr\u00e8s cordial, sous les cam\u00e9ras de Portraits de campagne, la nouvelle \u00e9mission politique de Direct 8.<\/p>\n","protected":false},"excerpt":{"rendered":"<p>May 15, 2019 Le conseiller r\u00e9gional LFI Andr\u00e9a Kotarac a annonc\u00e9 quil voterait pour le Rassemblement national aux europ\u00e9ennes. Jean-Luc M\u00e9lenchon, que May 10, 2012 Le secr\u00e9taire national du Parti communiste Pierre Laurent a soumis la proposition au patron f\u00e9d\u00e9ral du parti Herv\u00e9 Poly et ce dernier a 4 days ago Revoir la vid\u00e9o Marine [&hellip;]<\/p>\n","protected":false},"author":1,"featured_media":0,"comment_status":"closed","ping_status":"closed","sticky":false,"template":"","format":"standard","meta":{"footnotes":""},"categories":[],"tags":[],"class_list":["post-6555","post","type-post","status-publish","format-standard","hentry"],"blocksy_meta":[],"_links":{"self":[{"href":"http:\/\/chiidaspa.com\/forum\/wp-json\/wp\/v2\/posts\/6555","targetHints":{"allow":["GET"]}}],"collection":[{"href":"http:\/\/chiidaspa.com\/forum\/wp-json\/wp\/v2\/posts"}],"about":[{"href":"http:\/\/chiidaspa.com\/forum\/wp-json\/wp\/v2\/types\/post"}],"author":[{"embeddable":true,"href":"http:\/\/chiidaspa.com\/forum\/wp-json\/wp\/v2\/users\/1"}],"replies":[{"embeddable":true,"href":"http:\/\/chiidaspa.com\/forum\/wp-json\/wp\/v2\/comments?post=6555"}],"version-history":[{"count":0,"href":"http:\/\/chiidaspa.com\/forum\/wp-json\/wp\/v2\/posts\/6555\/revisions"}],"wp:attachment":[{"href":"http:\/\/chiidaspa.com\/forum\/wp-json\/wp\/v2\/media?parent=6555"}],"wp:term":[{"taxonomy":"category","embeddable":true,"href":"http:\/\/chiidaspa.com\/forum\/wp-json\/wp\/v2\/categories?post=6555"},{"taxonomy":"post_tag","embeddable":true,"href":"http:\/\/chiidaspa.com\/forum\/wp-json\/wp\/v2\/tags?post=6555"}],"curies":[{"name":"wp","href":"https:\/\/api.w.org\/{rel}","templated":true}]}}