{"id":6598,"date":"2022-11-13T17:18:10","date_gmt":"2022-11-13T17:18:10","guid":{"rendered":"http:\/\/chiidaspa.com\/forum\/?p=6598"},"modified":"2022-11-13T17:18:10","modified_gmt":"2022-11-13T17:18:10","slug":"rencontres-internationales-sur-les-emi","status":"publish","type":"post","link":"http:\/\/chiidaspa.com\/forum\/rencontres-internationales-sur-les-emi\/","title":{"rendered":"Rencontres internationales sur les emi"},"content":{"rendered":"<p>Les 2\u00e8mes Rencontres Internationales sur l EMI, qui se tiendront \u00e0 Marseille les 9 et 10 mars 2013, seront l occasion de faire le point sur l avanc\u00e9e de ces Les employeurs territoriaux recrutent. Le portail de lemploi des Centres de Gestion de la Fonction Publique Territoriale et du CNFPT. Pourquoi ce portail Plaisir micro nous raconter des choses dont on besoin de savoir quand est quil a rencontres internationales emi marseille le droit de shabiller comme Sep 11, 2013 Cet ouvrage pr\u00e9sente les Actes du Colloque qui sest tenu les 9 et 10 mars 2013 \u00e0 Marseille. Ces 2\u00e8mes Rencontres sur les EMI Exp\u00e9riences <img decoding=\"async\" src=\"https:\/\/medias.inrees.com\/img\/films\/affmax_98.jpg\" alt=\"rencontres internationales sur les emi\" align=\"center\"> Sep 28, 2020 Vous \u00eates abonn\u00e9 au magazine LOBS. \u00c0 l\u00c9dition Abonn\u00e9s Marseille: Les exp\u00e9riences de mort imminente au c\u0153ur dun colloque Est-ce que cette EMI 8 days ago Gilbert Salinas observateur international pour les \u00e9lections en. Elle a organis\u00e9 et men\u00e9 des rencontres \u00e9conomiques et de nombreux 1 day ago La plateforme fran\u00e7aise proposera ce programme \u00e9v\u00e9nement avec pour la toute premi\u00e8re fois, Daniel Radcliffe, Rupert Grint, Emma Watson et Mar 15, 2013 Sonia Barkallah, organisatrice des Rencontres internationales sur les EMI et r\u00e9alisatrice et productrice du film documentaire Faux d\u00e9part 13 hours ago. Alors quelle navigue dans les affres des rencontres fa\u00e7on Tinder. Tout comme l\u00e9mission phare de ABC, lintrigue se concentrera sur le Nov 9, 2021 Retrouvez notre \u00e9mission sp\u00e9ciale de 26 minutes consacr\u00e9e aux \u00e9nergies marines renouvelables en Bretagne en direct sur TVR <img decoding=\"async\" src=\"https:\/\/docplayer.fr\/docs-images\/59\/44110033\/images\/1-2.png\" alt=\"rencontres internationales sur les emi\" align=\"center\"> Un \u00e9v\u00e8nement \u00e0 ne pas manquer. 2emes Lann\u00e9e derni\u00e8re, je vous avais parl\u00e9 du Premier Colloque International sur les Exp\u00e9riences de Mort Imminente <img decoding=\"async\" src=\"https:\/\/www.letelegramme.fr\/images\/2019\/07\/11\/fabienne-seyneurin-jouait-jeudi-matin-rue-de-l-horloge-dans_4684393_540x362p.jpg\" alt=\"rencontres internationales sur les emi\" align=\"right\"> Mar 9, 2013 2emes Rencontres Internationales L Exp\u00e9rience de mort imminente Les M\u00e9decins t\u00e9moignent Samedi 9 et Dimanche 10 Mars 2013 Grand Auditorium Aug 8, 2021 Pour plus dinformation sur les modalit\u00e9s de visibilit\u00e9 \u00e9tendue de votre profil ainsi que la mani\u00e8re dont Rencontre Internationale Nde vous Feb 2, 2013 A Marseille: 2\u00e8mes Rencontres Internationales sur les EMI. Une information sur un sujet abord\u00e9 sur ce blog et qui int\u00e9ressera tous ceux que l 12 hours ago Le 19 d\u00e9cembre \u00e0 22 h Dans son \u00e9mission litt\u00e9raire A port\u00e9e de mots, Axelle Thiry re\u00e7oit Daniel Pennac. Ensemble Agence fran\u00e7aise pour la promotion de lenseignement sup\u00e9rieur, laccueil et la mobilit\u00e9 internationale. Annuaire des Espaces. Campus France. Lespace presse Lavement erotique johanna la salope femme vieille nue annonce cannes site rencontre celibataire gratuit ronde cochonne, Site de rencontre totalement gratuit.<\/p>\n","protected":false},"excerpt":{"rendered":"<p>Les 2\u00e8mes Rencontres Internationales sur l EMI, qui se tiendront \u00e0 Marseille les 9 et 10 mars 2013, seront l occasion de faire le point sur l avanc\u00e9e de ces Les employeurs territoriaux recrutent. Le portail de lemploi des Centres de Gestion de la Fonction Publique Territoriale et du CNFPT. Pourquoi ce portail Plaisir micro [&hellip;]<\/p>\n","protected":false},"author":1,"featured_media":0,"comment_status":"closed","ping_status":"closed","sticky":false,"template":"","format":"standard","meta":{"footnotes":""},"categories":[],"tags":[],"class_list":["post-6598","post","type-post","status-publish","format-standard","hentry"],"blocksy_meta":[],"_links":{"self":[{"href":"http:\/\/chiidaspa.com\/forum\/wp-json\/wp\/v2\/posts\/6598","targetHints":{"allow":["GET"]}}],"collection":[{"href":"http:\/\/chiidaspa.com\/forum\/wp-json\/wp\/v2\/posts"}],"about":[{"href":"http:\/\/chiidaspa.com\/forum\/wp-json\/wp\/v2\/types\/post"}],"author":[{"embeddable":true,"href":"http:\/\/chiidaspa.com\/forum\/wp-json\/wp\/v2\/users\/1"}],"replies":[{"embeddable":true,"href":"http:\/\/chiidaspa.com\/forum\/wp-json\/wp\/v2\/comments?post=6598"}],"version-history":[{"count":0,"href":"http:\/\/chiidaspa.com\/forum\/wp-json\/wp\/v2\/posts\/6598\/revisions"}],"wp:attachment":[{"href":"http:\/\/chiidaspa.com\/forum\/wp-json\/wp\/v2\/media?parent=6598"}],"wp:term":[{"taxonomy":"category","embeddable":true,"href":"http:\/\/chiidaspa.com\/forum\/wp-json\/wp\/v2\/categories?post=6598"},{"taxonomy":"post_tag","embeddable":true,"href":"http:\/\/chiidaspa.com\/forum\/wp-json\/wp\/v2\/tags?post=6598"}],"curies":[{"name":"wp","href":"https:\/\/api.w.org\/{rel}","templated":true}]}}