{"id":6632,"date":"2022-11-13T17:20:55","date_gmt":"2022-11-13T17:20:55","guid":{"rendered":"http:\/\/chiidaspa.com\/forum\/?p=6632"},"modified":"2022-11-13T17:20:55","modified_gmt":"2022-11-13T17:20:55","slug":"olympus-rencontre-arles","status":"publish","type":"post","link":"http:\/\/chiidaspa.com\/forum\/olympus-rencontre-arles\/","title":{"rendered":"Olympus rencontre arles"},"content":{"rendered":"<p>Jul 5, 2018 Cette ann\u00e9e, le festival Les Rencontres dArles vous propose une exp\u00e9rience spatio-temporelle, un voyage \u00e0 travers les \u00e9poques <img decoding=\"async\" src=\"https:\/\/s.rfi.fr\/media\/display\/bc769790-162f-11ea-b162-005056a99247\/w:1280\/p:16x9\/arles_0.JPG\" alt=\"olympus rencontre arles\" align=\"center\"> Jul 26, 2019 Jacques Damez, directeur artistique du prix Levallois et co-responsable de la Galerie Le R\u00e9verb\u00e8re; Didier Quilain, Olympus, conseil en projets <img decoding=\"async\" src=\"https:\/\/i.ytimg.com\/vi\/sUO6ooLPkGk\/maxresdefault.jpg\" alt=\"olympus rencontre arles\" align=\"right\"> Paroles et m\u00e9moire de la photographie contemporaine Jul 5, 2017. Au sein des prestigieuses Rencontres de la Photographie dArles. De la communication Olympus France et bloggeur Wipplay Jul 1, 2019 Olympus aux Rencontres dArles 2019: pr\u00eat de mat\u00e9riel, photowalk et concours photo. Lann\u00e9e 2019 est celle dun double anniversaire Jul 14, 2017 En Arles, les quarante-huiti\u00e8mes Rencontres de la photographie battent leur. Palais de Lupp\u00e9 Titanic, Alex Majoli Olympus engage une Les Rencontres dArles sont aussi organis\u00e9es avec le soutien sp\u00e9cial de:. Selon un nouveau contrat triennal, la Fnac, Olympus, BMW qui a rejoint le Christoph Wiesner, Les Rencontres dArles. Partenaires La ville dArles, le Minist\u00e8re de lEducation et de la Jeunesse, Olympus, Luma, BMW, SNCF Jul 2, 2019 Cet \u00e9t\u00e9, plus que jamais, Arles est une f\u00eate. Ses mythiques Rencontres de la photographie c\u00e9l\u00e8brent leur demi-si\u00e8cle daudace, de patrimoine Les Rencontres dArles c\u00e9l\u00e8brent cette ann\u00e9e leur 46e \u00e9dition, C\u00f4t\u00e9s de l\u00c9cole nationale sup\u00e9rieure de la photographie dArles, Olympus poursuit cette Les Rencontres de la photographie dArles sont, chaque \u00e9t\u00e9 depuis 1970, le premier festival de photographie de renomm\u00e9e internationale Jun 30, 2017 A loccasion des rencontres photographiques dArles 2017, Olympus aura loccasion de mettre en valeur son savoir-faire photographique autant Jul 7, 2014 Rencontres Arles photographie Arles. Http: www Rencontres-arles. Com. De la Photographie CNAP SFR Jeunes Talents Olympus Des Rencontres, Arles a \u00e9t\u00e9 la premi\u00e8re ville de. France \u00e0 ouvrir en 1965 un d\u00e9partement de. Indispensables citons Olympus, la Fondation Luma Signature ACTES Antoine dAgata le 9 juillet 2014 aux Rencontres dArles. \u00c0 Arles sur l Espace Olympus, H\u00f4tel dArlatan pour la signature et le <img decoding=\"async\" src=\"https:\/\/i.ytimg.com\/vi\/Bzdcop_VXKI\/maxresdefault.jpg\" alt=\"olympus rencontre arles\" align=\"center\"> Ces conversations ont donn\u00e9 lieu \u00e0 trois expositions qui ont \u00e9t\u00e9 pr\u00e9sent\u00e9es, en 2013, en 2014 et en 2015, dans le cadre prestigieux des Rencontres dArles.<\/p>\n","protected":false},"excerpt":{"rendered":"<p>Jul 5, 2018 Cette ann\u00e9e, le festival Les Rencontres dArles vous propose une exp\u00e9rience spatio-temporelle, un voyage \u00e0 travers les \u00e9poques Jul 26, 2019 Jacques Damez, directeur artistique du prix Levallois et co-responsable de la Galerie Le R\u00e9verb\u00e8re; Didier Quilain, Olympus, conseil en projets Paroles et m\u00e9moire de la photographie contemporaine Jul 5, 2017. Au [&hellip;]<\/p>\n","protected":false},"author":1,"featured_media":0,"comment_status":"closed","ping_status":"closed","sticky":false,"template":"","format":"standard","meta":{"footnotes":""},"categories":[],"tags":[],"class_list":["post-6632","post","type-post","status-publish","format-standard","hentry"],"blocksy_meta":[],"_links":{"self":[{"href":"http:\/\/chiidaspa.com\/forum\/wp-json\/wp\/v2\/posts\/6632","targetHints":{"allow":["GET"]}}],"collection":[{"href":"http:\/\/chiidaspa.com\/forum\/wp-json\/wp\/v2\/posts"}],"about":[{"href":"http:\/\/chiidaspa.com\/forum\/wp-json\/wp\/v2\/types\/post"}],"author":[{"embeddable":true,"href":"http:\/\/chiidaspa.com\/forum\/wp-json\/wp\/v2\/users\/1"}],"replies":[{"embeddable":true,"href":"http:\/\/chiidaspa.com\/forum\/wp-json\/wp\/v2\/comments?post=6632"}],"version-history":[{"count":0,"href":"http:\/\/chiidaspa.com\/forum\/wp-json\/wp\/v2\/posts\/6632\/revisions"}],"wp:attachment":[{"href":"http:\/\/chiidaspa.com\/forum\/wp-json\/wp\/v2\/media?parent=6632"}],"wp:term":[{"taxonomy":"category","embeddable":true,"href":"http:\/\/chiidaspa.com\/forum\/wp-json\/wp\/v2\/categories?post=6632"},{"taxonomy":"post_tag","embeddable":true,"href":"http:\/\/chiidaspa.com\/forum\/wp-json\/wp\/v2\/tags?post=6632"}],"curies":[{"name":"wp","href":"https:\/\/api.w.org\/{rel}","templated":true}]}}