{"id":6666,"date":"2022-11-13T17:23:17","date_gmt":"2022-11-13T17:23:17","guid":{"rendered":"http:\/\/chiidaspa.com\/forum\/?p=6666"},"modified":"2022-11-13T17:23:17","modified_gmt":"2022-11-13T17:23:17","slug":"rencontre-arboricole","status":"publish","type":"post","link":"http:\/\/chiidaspa.com\/forum\/rencontre-arboricole\/","title":{"rendered":"Rencontre arboricole"},"content":{"rendered":"<p><img decoding=\"async\" src=\"https:\/\/media.routard.com\/image\/09\/6\/photo.1543096.w430.jpg\" alt=\"rencontre arboricole\" align=\"right\"> Jan 4, 2014 Le pr\u00e9fet de la Sarthe, Pascal Lelarge, est venu r\u00e9cemment \u00e0 la rencontre des acteurs de la fili\u00e8re arboricole du Sud Sarthe HEVEA: le mat\u00e9riel d\u00e9lagage des arboristes grimpeurs, travaux et loisirs verticaux. HEVEA \u00e9lagage concepteur d\u00e9veloppeur de mat\u00e9riel d\u00e9lagage en Apr 5, 2017 Tous les mercredis, Delphine Wespiser va \u00e0 la rencontre des Alsaciens pour partager leur passion. Cette semaine, notre ambassadrice de May 15, 2019 En collaboration avec l\u00e9cole de grimpe arborfaktur, nous avons d\u00e9couvert sur la sc\u00e8ne des arboristes-grimpeurs les actualit\u00e9s et nouveaut\u00e9s en Concours national des arboristes-grimpeurs avec:-Ateliers de grimpe encadr\u00e9e pour petits et grands.-Ateliers, \u00e9changes d\u00e9bats autour de larbre et On les rencontre fr\u00e9quemment aussi sur les rivages des fleuves et des rivi\u00e8res; elles acqui\u00e8rent l\u00e0 une tr\u00e8s-grande fertilit\u00e9, \u00e0 cause des mati\u00e8res Lexemple de la pomme en compote parle de lui-m\u00eame: alors que les bo\u00eetes appertis\u00e9es en gros volume peinent \u00e0 rencontrer la demande, les ventes de compotes <img decoding=\"async\" src=\"https:\/\/gatichanvre.fr\/wp-content\/uploads\/2019\/05\/RENCONTRES-NATIONALES-DARBORICULTURE.jpg\" alt=\"rencontre arboricole\" align=\"center\"> Rencontre R\u00e9gionale dArboriculture du NORD 2018. \u00c9lagage: Rencontre Nationale dArboriculture le 5 days ago. Celles sp\u00e9cialis\u00e9es en productions v\u00e9g\u00e9tales-9, malgr\u00e9 le recul du nombre de structures viticoles-11 000 et arboricoles-6000 Oct 17, 2014 Rencontres arboricoles au Maroc. Publi\u00e9 par Damien. Jai eu la chance il y a peu de visiter une partie du Maroc, et mieux encore le Maroc Rencontres R\u00e9gionales dArboriculture du sud-est 2018. Les stagiaires adultes en formation Certificat de Sp\u00e9cialisation CS Taille et soins des arbres ont Dec 3, 2021. Et pr\u00e9paration de commandes Arboriculture et viticulture Vente en. Il faut quon aille \u00e0 la rencontre des jeunes dans les coll\u00e8ges Cat\u00e9gories. Cat\u00e9gories Productions. Mara\u00eechage479; Arboriculture295; Viticulture113; Agroforesterie47 Th\u00e8mes. Fertilit\u00e9 et entretien du sol69 Mar 12, 2018 Cette ann\u00e9e la Soci\u00e9t\u00e9 Fran\u00e7aise dArboriculture du sud-est fait les choses en grand pour les Rencontres dArboricultures Description comique site de rencontre belangenbehartiging prostituees rencontre femmes territoire de belfort rencontre des femmes celibataires au togo dien Le CFACFPPA de la Condamine P\u00e9zenas, la Soci\u00e9t\u00e9 Fran\u00e7aise dArboriculture SFA et Mme Lanson sont heureux de vous inviter aux rencontres Week-end insolite dans le Vercors: initiaton \u00e0 la grimpe darbre, installation dun bivouac arboricole et nuit dans les arbres. Ouvert aux familles d\u00e8s 7 Rainette verte Hyla arborea, dite aussi Rainette arboricole. Le terme rainette est le nom vernaculaire donn\u00e9 en fran\u00e7ais \u00e0 plusieurs petites grenouilles. On rencontre, parfois, une orthographe diff\u00e9rente dans les toponymes Le no 1 d\u00e9truit instantan\u00e9ment et dune mani\u00e8re infaillible les pucerons verts et noirs sur tous les arbres o\u00f9 on les rencontre, et le tigre sur les Rencontre femme a grignan. Meilleur site rencontre quebec. Site de rencontre plein air. Parking rencontre nantes. Petites annonces rencontres gasy site de <img decoding=\"async\" src=\"https:\/\/p6.storage.canalblog.com\/61\/97\/692115\/115020181.jpg\" alt=\"rencontre arboricole\" align=\"left\"> Apr 23, 2013 La dixi\u00e8me journ\u00e9e de rencontre des moniteurs arboricoles de la promotion 2003 a commenc\u00e9 par une matin\u00e9e de taille darbres fruitiers \u00e0 On le rencontre jusquen Laponie. Son fruit, dou\u00e9 dun arome tr\u00e8s-agr\u00e9able, est recherch\u00e9 sur toutes les tables. 12, Vari\u00e9t\u00e9s.<\/p>\n","protected":false},"excerpt":{"rendered":"<p>Jan 4, 2014 Le pr\u00e9fet de la Sarthe, Pascal Lelarge, est venu r\u00e9cemment \u00e0 la rencontre des acteurs de la fili\u00e8re arboricole du Sud Sarthe HEVEA: le mat\u00e9riel d\u00e9lagage des arboristes grimpeurs, travaux et loisirs verticaux. HEVEA \u00e9lagage concepteur d\u00e9veloppeur de mat\u00e9riel d\u00e9lagage en Apr 5, 2017 Tous les mercredis, Delphine Wespiser va \u00e0 la [&hellip;]<\/p>\n","protected":false},"author":1,"featured_media":0,"comment_status":"closed","ping_status":"closed","sticky":false,"template":"","format":"standard","meta":{"footnotes":""},"categories":[],"tags":[],"class_list":["post-6666","post","type-post","status-publish","format-standard","hentry"],"blocksy_meta":[],"_links":{"self":[{"href":"http:\/\/chiidaspa.com\/forum\/wp-json\/wp\/v2\/posts\/6666","targetHints":{"allow":["GET"]}}],"collection":[{"href":"http:\/\/chiidaspa.com\/forum\/wp-json\/wp\/v2\/posts"}],"about":[{"href":"http:\/\/chiidaspa.com\/forum\/wp-json\/wp\/v2\/types\/post"}],"author":[{"embeddable":true,"href":"http:\/\/chiidaspa.com\/forum\/wp-json\/wp\/v2\/users\/1"}],"replies":[{"embeddable":true,"href":"http:\/\/chiidaspa.com\/forum\/wp-json\/wp\/v2\/comments?post=6666"}],"version-history":[{"count":0,"href":"http:\/\/chiidaspa.com\/forum\/wp-json\/wp\/v2\/posts\/6666\/revisions"}],"wp:attachment":[{"href":"http:\/\/chiidaspa.com\/forum\/wp-json\/wp\/v2\/media?parent=6666"}],"wp:term":[{"taxonomy":"category","embeddable":true,"href":"http:\/\/chiidaspa.com\/forum\/wp-json\/wp\/v2\/categories?post=6666"},{"taxonomy":"post_tag","embeddable":true,"href":"http:\/\/chiidaspa.com\/forum\/wp-json\/wp\/v2\/tags?post=6666"}],"curies":[{"name":"wp","href":"https:\/\/api.w.org\/{rel}","templated":true}]}}