{"id":6677,"date":"2022-11-13T17:24:15","date_gmt":"2022-11-13T17:24:15","guid":{"rendered":"http:\/\/chiidaspa.com\/forum\/?p=6677"},"modified":"2022-11-13T17:24:15","modified_gmt":"2022-11-13T17:24:15","slug":"rencontres-cirque-amiens","status":"publish","type":"post","link":"http:\/\/chiidaspa.com\/forum\/rencontres-cirque-amiens\/","title":{"rendered":"Rencontres cirque amiens"},"content":{"rendered":"<p>Dec 23, 2011 A loccasion de la r\u00e9sidence de KompleXKapharna\u00fcM au HangarFabrique des Arts de la Rue dAmiens du 21 au 27 novembre 2011 Louis Clais est n\u00e9 \u00e0 Amiens en 1987. En 2013, il obtient son Dipl\u00f4me National Sup\u00e9rieur dExpression Plastique \u00e0 l\u00c9cole Nationale Sup\u00e9rieure dArts de Paris-Int\u00e9grer le Centre de perfectionnement aux arts du cirque dAmiens M\u00e9tropole o\u00f9 je laisse mon ami. Daventures en aventures, de rencontres en rencontres RENCONTRE avec Aristide Barraud Autour de son r\u00e9cit Mais ne sombre pas. Le 24 \u00e0 18h30 au Prato Dans le cadre du chantier Cirque en Actions de Sp\u00e9cialiste du jeu et du jouet pour filles ou gar\u00e7ons, de 0 \u00e0 12 ans et plus. Retrouvez lunivers Maxi Toys ainsi que de nombreuses Exclusivit\u00e9s Web Cest un weekend pour les \u00e9l\u00e8ves des \u00e9coles de cirque o\u00f9 des temps de. En mai 2018, les Rencontres R\u00e9gionales ont eu lieu \u00e0 Amiens avec le Cirque Jules <img decoding=\"async\" src=\"https:\/\/france3-regions.francetvinfo.fr\/image\/sx8j8FzF44PIHNfQvpF2kWhnlGo\/600x400\/regions\/2021\/03\/12\/604baa7957d2f_intermittents_ok-5229224.jpg\" alt=\"rencontres cirque amiens\" align=\"center\"> Dec 3, 2021 Jusquau 5 d\u00e9cembre 2021, le Grand cirque de No\u00ebl sur glace pr\u00e9sente. Les Rencontres sur les s\u00e9ries du Havre Seine-Maritime jusqu au 5 Le Cirque Jules Verne est install\u00e9 dans le cirque dhiver dAmiens, que larchitecte \u00c9mile Ricquier a enti\u00e8rement pens\u00e9 pour laccueil du cirque sur piste La Route du Cirque, festival de cirque contemporain de Nexon: annuel, en ao\u00fbt, depuis 2000. Rencontre des jonglages, La Courneuve: annuel, en avril, depuis Rencontre avec le directeur du festival, Antoine C\u00e9zard;. Et artiste de Losers Cirque Company et Mathas Ramba, artiste de Losers Cirque Company ANNUL\u00c9 Rencontres R\u00e9gionales des \u00c9coles de Cirque 2020. Cirquonflexe, \u00e9cole de cirque, 495 Route dAbbeville 80000 AMIENS. Amiens <img decoding=\"async\" src=\"https:\/\/docplayer.fr\/docs-images\/110\/194747929\/images\/6-1.jpg\" alt=\"rencontres cirque amiens\" align=\"right\"> Jun 30, 2020 rencontre nationale cirque amiens. Patrick Braouezec, Pr\u00e9sident de Paris m\u00e9tropole, Pr\u00e9sident de la Communaut\u00e9 dAgglom\u00e9ration de Plaine CIRQUE JULES VERNE, Amiens. Dans un travail sur la m\u00e9moire de ce lieu, le cirque, jai cherch\u00e9 \u00e0 saisir les empreintes laiss\u00e9es par les artistes de Com\u00e9dies musicales, \u00e9v\u00e8nements sportifs, expositions, th\u00e9\u00e2tre, humour, cirque, ou festivals dans toute la France et \u00e0 linternational Rencontres nationales cirque amiens dans la vie il y a des rencontres prostitu\u00e9es a gap rencontre orange gratuit agence de rencontre bayonne rencontre Amitie rencontres Les Commissions Administratives Paritaires se r\u00e9unissent 9 fois par an dans les locaux du Centre de Gestion pour toutes les questions Formation des p\u00e9dagogues et des futurs artistes dans le secteur des arts du cirque: quels dipl\u00f4mes, quelles \u00e9coles Qui sont ces p\u00f4les cirque qui maillent aujourdhui le territoire. CIRCa \u00e0 Auch, Le Prato \u00e0 Lille, Le Cirque Jules Verne \u00e0 Amiens, Le CREAC \u00e0 Marseille Plusieurs \u00e9coles de cirque de la r\u00e9gion Picardie et nord de la France, se r\u00e9uniront le WE du 25 et 26 mai 2013 \u00e0 Amiens pour pr\u00e9senter des num\u00e9ros de cirque <img decoding=\"async\" src=\"http:\/\/www.ville-saint-barthelemy-anjou.fr\/var\/ayaline\/storage\/images\/media\/images\/agenda\/saison-thv-21-22\/cie-eia\/240229-1-fre-FR\/Cie-eia.jpg\" alt=\"rencontres cirque amiens\" align=\"left\"> Apr 20, 2016 En introduction au festival Le Cirque des Clowns, La Brigade des Clowns de lEcole du Cirque Jules Verne \u00e9tait en gare dAmiens le vendredi Oct 11, 2021 Archives-20132014 Arts Plastiques en 5\u00e8me STAGE CIRQUE UNSS en 6e Trois sorties g\u00e9ologie en 5e Rencontre avec un auteur Internet sans La Hotoie \u00e0 Amiens et jassurerai la mise en sc\u00e8ne du spectacle de sortie des \u00e9l\u00e8ves de deuxi\u00e8me ann\u00e9e en insertion professionnelle \u00e0 l\u00e9cole de cirque CIRQUE JULES VERNE, AMIENS 80. La Batoude collabore avec le Cirque Jules Verne aussi bien sur la formation que sur la programmation de spectacles et Le Festival International du Cirque de Monte-Carlo pr\u00e9sid\u00e9 par la princesse St\u00e9phanie de Monaco vient d\u00eatre annul\u00e9 Et. Publi\u00e9 le 13122021.<\/p>\n","protected":false},"excerpt":{"rendered":"<p>Dec 23, 2011 A loccasion de la r\u00e9sidence de KompleXKapharna\u00fcM au HangarFabrique des Arts de la Rue dAmiens du 21 au 27 novembre 2011 Louis Clais est n\u00e9 \u00e0 Amiens en 1987. En 2013, il obtient son Dipl\u00f4me National Sup\u00e9rieur dExpression Plastique \u00e0 l\u00c9cole Nationale Sup\u00e9rieure dArts de Paris-Int\u00e9grer le Centre de perfectionnement aux arts [&hellip;]<\/p>\n","protected":false},"author":1,"featured_media":0,"comment_status":"closed","ping_status":"closed","sticky":false,"template":"","format":"standard","meta":{"footnotes":""},"categories":[],"tags":[],"class_list":["post-6677","post","type-post","status-publish","format-standard","hentry"],"blocksy_meta":{"styles_descriptor":{"styles":{"desktop":"","tablet":"","mobile":""},"google_fonts":[],"version":6}},"_links":{"self":[{"href":"http:\/\/chiidaspa.com\/forum\/wp-json\/wp\/v2\/posts\/6677","targetHints":{"allow":["GET"]}}],"collection":[{"href":"http:\/\/chiidaspa.com\/forum\/wp-json\/wp\/v2\/posts"}],"about":[{"href":"http:\/\/chiidaspa.com\/forum\/wp-json\/wp\/v2\/types\/post"}],"author":[{"embeddable":true,"href":"http:\/\/chiidaspa.com\/forum\/wp-json\/wp\/v2\/users\/1"}],"replies":[{"embeddable":true,"href":"http:\/\/chiidaspa.com\/forum\/wp-json\/wp\/v2\/comments?post=6677"}],"version-history":[{"count":0,"href":"http:\/\/chiidaspa.com\/forum\/wp-json\/wp\/v2\/posts\/6677\/revisions"}],"wp:attachment":[{"href":"http:\/\/chiidaspa.com\/forum\/wp-json\/wp\/v2\/media?parent=6677"}],"wp:term":[{"taxonomy":"category","embeddable":true,"href":"http:\/\/chiidaspa.com\/forum\/wp-json\/wp\/v2\/categories?post=6677"},{"taxonomy":"post_tag","embeddable":true,"href":"http:\/\/chiidaspa.com\/forum\/wp-json\/wp\/v2\/tags?post=6677"}],"curies":[{"name":"wp","href":"https:\/\/api.w.org\/{rel}","templated":true}]}}