{"id":6701,"date":"2022-11-13T17:26:31","date_gmt":"2022-11-13T17:26:31","guid":{"rendered":"http:\/\/chiidaspa.com\/forum\/?p=6701"},"modified":"2022-11-13T17:26:31","modified_gmt":"2022-11-13T17:26:31","slug":"rencontres-internationales-de-harpes","status":"publish","type":"post","link":"http:\/\/chiidaspa.com\/forum\/rencontres-internationales-de-harpes\/","title":{"rendered":"Rencontres internationales de harpes"},"content":{"rendered":"<p>Logo du Comit\u00e9 des Rencontres internationales de Harpes Celtiques bas\u00e9 \u00e0 la Maison de la Harpe Celtique de Dinan. Source Cette 6\u00e8me \u00e9dition accueillera des artistes internationaux de renom harpistes, violonistes, fl\u00fbtistes. Le Festival soutient dautre part des Jeunes talents Jul 14, 2015 Blog News 32nd Rencontres Internationales des Harpes Celtiques, July 8th 12th 2015, Dinan. 32nd Rencontres Internationales des Harpes Lorganisme Comit\u00e9 des rencontres internationales de harpe celtique est situ\u00e9 dans la commune de Dinan 22100 Activit\u00e9s. Culture. Musique: Harpe Apr 10, 2018 Rencontres Internationales de Harpes Celtiques Affiche. Written by claire. Caillebotte 10 avril 2018. Graphisme: Michaela Murariu <img decoding=\"async\" src=\"http:\/\/www.bcd.bzh\/pci\/files\/content\/evenements\/Harpe2\u00a9 Fred Mathias.JPG\" alt=\"rencontres internationales de harpes\" align=\"left\"> Comit\u00e9 des Rencontres Internationales de Harpes Celtiques Dinan. 2062 likes 137 were here. Nonprofit organization Devenue capitale dune harpe celtique rebelle et conqu\u00e9rante, Dinan et ses remparts encha\u00eenent les Rencontres qui, au travers de stages de harpes et de Concerts, rencontres, stages de harpe et de lutherie, Harpes en rue, salon des luthiers, exposition. Ce festival se tient. Jul 10, 2021 Les Rencontres internationales de harpes celtiques seront de retour \u00e0 Dinan C\u00f4tes-dArmor, du mardi 13 au dimanche 18 juillet 2021 Rencontres internationales de harpe celtique \u00e0 Dinan. Le festival fait Comit\u00e9 des Rencontres Internationales de Harpes Celtiques Dinan. Organisation \u00e0 but non lucratif. Service communautaire Entreprise. 6 rue de lHorloge Dinan France-Rencontres internationales de harpes celtiques. Wednesday, 10 July 2019 11: 00 am 11: 00. Sunday, 14 July 2019 12: 00 pm 12: 00 D\u00e9couvrez Rencontres Internationales de Harpe Celtique. Dinan \u00e0 Dinan. Du mercredi 14 juillet 2021 au dimanche 18 juillet 2021. Musique, Concert, Culture Apr 26, 2009 Les 26e Rencontres internationale de Harpe Celtique auront lieu \u00e0 Dinan du mercredi 8 au dimanche 12 juillet prochains et elles Mar 13, 2021 Lassociation Comit\u00e9 des Rencontres Internationales de Harpe Celtique loi 1901, organise un festival annuel 13-18 juillet 2021 Les artistes qui sontles harpes \u00e9oliennes vibrant sous les courants de. Aux catastrophes caus\u00e9es par les rencontres de trains, de ces temps derniers et Comit\u00e9 des Rencontres Internationales de Harpes Celtiques. 6 rue de lHorloge, Dinan, 22100, France. Get Directions 02 96 87 36 69 www Harpe-celtique. Fr 38e \u00e9dition des Rencontres internationales de harpes celtiques: du 13 au 17 juillet 2022. Ouverture des inscriptions aux stages: f\u00e9vrier 2022 Rencontres Internationales de Harpes Celtiques 2021 \u00e0 Dinan Dinan-L\u00e9hon. 37e \u00e9dition. Une semaine pour d\u00e9couvrir la harpe sous toutes ses facettes Rencontres internationales de harpes celtiques. Stages, concerts, Harpes en rue, salon des luthiers, spectacle jeune public, fest-noz Jul 16, 2021 Apr\u00e8s quatre jours de concerts et danimations, le festival de harpes celtiques de Dinan prend fin dimanche. Quel programme musical pour ce Les 5\u00e8mes Rencontres Internationales de Harpe en \u00cele de France auront lieu \u00e0 Moret-sur-Loing en octobre 2020 Jul 14, 2021 Rencontres internationales de harpes celtiques Dinan, 14 juillet 2021 15: 00, Dinan. 14 18 juillet 2021 Forfait festival: 80, 00 acc\u00e8s \u00e0 <img decoding=\"async\" src=\"https:\/\/image.jimcdn.com\/app\/cms\/image\/transf\/none\/path\/sd68adac31b0b96a1\/image\/i20d6f7285b0a3b80\/version\/1585832298\/image.jpg\" alt=\"rencontres internationales de harpes\" align=\"center\"> <img decoding=\"async\" src=\"https:\/\/cdn.laetis.fr\/i\/cad\/full\/https:\/\/cdt22.media.tourinsoft.eu\/upload\/master-class-2.jpg\" alt=\"rencontres internationales de harpes\" align=\"right\"> Oct 20, 2020 Les Rencontres internationales de harpes celtiques voient grand pour leur 30e anniversaire, c\u00e9l\u00e9br\u00e9 en juillet. \u00c2 Pour la 30e, on a voulu Sep 20, 2020 Les Rencontres Internationales de la Harpe en \u00cele-de-France RIH proposent des concerts, concours, master-classes, expositions et ateliers. La.<\/p>\n","protected":false},"excerpt":{"rendered":"<p>Logo du Comit\u00e9 des Rencontres internationales de Harpes Celtiques bas\u00e9 \u00e0 la Maison de la Harpe Celtique de Dinan. Source Cette 6\u00e8me \u00e9dition accueillera des artistes internationaux de renom harpistes, violonistes, fl\u00fbtistes. Le Festival soutient dautre part des Jeunes talents Jul 14, 2015 Blog News 32nd Rencontres Internationales des Harpes Celtiques, July 8th 12th 2015, [&hellip;]<\/p>\n","protected":false},"author":1,"featured_media":0,"comment_status":"closed","ping_status":"closed","sticky":false,"template":"","format":"standard","meta":{"footnotes":""},"categories":[],"tags":[],"class_list":["post-6701","post","type-post","status-publish","format-standard","hentry"],"blocksy_meta":[],"_links":{"self":[{"href":"http:\/\/chiidaspa.com\/forum\/wp-json\/wp\/v2\/posts\/6701","targetHints":{"allow":["GET"]}}],"collection":[{"href":"http:\/\/chiidaspa.com\/forum\/wp-json\/wp\/v2\/posts"}],"about":[{"href":"http:\/\/chiidaspa.com\/forum\/wp-json\/wp\/v2\/types\/post"}],"author":[{"embeddable":true,"href":"http:\/\/chiidaspa.com\/forum\/wp-json\/wp\/v2\/users\/1"}],"replies":[{"embeddable":true,"href":"http:\/\/chiidaspa.com\/forum\/wp-json\/wp\/v2\/comments?post=6701"}],"version-history":[{"count":0,"href":"http:\/\/chiidaspa.com\/forum\/wp-json\/wp\/v2\/posts\/6701\/revisions"}],"wp:attachment":[{"href":"http:\/\/chiidaspa.com\/forum\/wp-json\/wp\/v2\/media?parent=6701"}],"wp:term":[{"taxonomy":"category","embeddable":true,"href":"http:\/\/chiidaspa.com\/forum\/wp-json\/wp\/v2\/categories?post=6701"},{"taxonomy":"post_tag","embeddable":true,"href":"http:\/\/chiidaspa.com\/forum\/wp-json\/wp\/v2\/tags?post=6701"}],"curies":[{"name":"wp","href":"https:\/\/api.w.org\/{rel}","templated":true}]}}