{"id":6720,"date":"2022-11-13T17:27:32","date_gmt":"2022-11-13T17:27:32","guid":{"rendered":"http:\/\/chiidaspa.com\/forum\/?p=6720"},"modified":"2022-11-13T17:27:32","modified_gmt":"2022-11-13T17:27:32","slug":"rencontres-dans-les-transports","status":"publish","type":"post","link":"http:\/\/chiidaspa.com\/forum\/rencontres-dans-les-transports\/","title":{"rendered":"Rencontres dans les transports"},"content":{"rendered":"<p>28es Rencontres Transports et Mobilit\u00e9s. Pr\u00e9sid\u00e9es par. Karima Delli d\u00e9put\u00e9e europ\u00e9enne. Zivka Park d\u00e9put\u00e9e du Val-dOise \u00c0 lissue des 1e Rencontres europ\u00e9ennes du Transport public gratuit \u00e0 Dunkerque septembre 2018, et en raison de son expertise dans cette d\u00e9marche Dec 5, 2003 Les 19e rencontres du Groupement des autorit\u00e9s responsables de transport Gart ont eu lieu \u00e0 Nantes, du 26 au 29 novembre. Un congr\u00e8s Trouvez et R\u00e9servez vos Billets de Train au meilleur prix sur OUI. Sncf, votre nouveau compagnon de voyage en ligne Sep 27, 2021. Nouveau parc des Expositions accueillent d\u00e8s mardi 28 septembre 2021 et pour trois jours les Rencontres nationales du transport public Oct 10, 2017 Le programme du Groupe RATP aux 26e Rencontres Nationales du Transport Public-Les 26e Rencontres Nationales du Transport Public ont lieu \u00e0 Sep 27, 2021 A loccasion des Rencontres Nationales du Transport Public, MAN expose sur son stand son autobus 100 \u00e9lectrique, le MAN Lions City E. Si ce 4 days ago La ministre des Transports Meirav Michaeli, pr\u00e9sidente du Parti travailliste a rencontr\u00e9 lundi le nouvel ambassadeur des Etats-Unis en Les probl\u00e8mes daccessibilit\u00e9 rencontr\u00e9s dans les transports en commun. 10 views10 views. Oct 27, 2021. 0 15 hours ago 0. 04 des \u00e9missions des transports en France. Selon les professionnels de la\u00e9rien, les quatre lignes concern\u00e9es par la loi Climat et 24 hours ago D\u00e9but octobre, s\u00e9tait tenu le premier Caf\u00e9 municipal de la commune \u00e0 la salle polyvalente. \u00c0 cette occasion, une d\u00e9coration appropri\u00e9e Que vous soyez plut\u00f4t m\u00e9tro, tramway, bus ou funiculaire, voyager na jamais \u00e9t\u00e9 aussi facile avec le r\u00e9seau de transport en commun de Lyon Jun 20, 2019 Les 10 et 11 septembre, Ch\u00e2teauroux M\u00e9tropole deviendra la capitale du transport public gratuit, \u00e0 loccasion des Deuxi\u00e8mes Rencontres Sep 28, 2021 Les Rencontres nationales du transport public se tiennent du 28 au 30 septembre \u00e0 Toulouse. Loccasion de pr\u00e9senter de nouveaux mat\u00e9riels et <img decoding=\"async\" src=\"https:\/\/www.rencontres-transport-public.fr\/wp-content\/uploads\/2021\/01\/BMazodier-GIE-Objectif-Transport-Public-0512.jpg\" alt=\"rencontres dans les transports\" align=\"center\"> <img decoding=\"async\" src=\"https:\/\/www.rencontres-transport-public.fr\/wp-content\/uploads\/2021\/01\/BMazodier-GIE-Objectif-Transport-Public-0512.jpg\" alt=\"rencontres dans les transports\" align=\"center\"> Sep 1, 2017 Irizar, r\u00e9f\u00e9rence mondiale dans le domaine de la fabrication dautobus et dautocars, participe cette ann\u00e9e aux Rencontres de Transports EMS Concept vous attend aux Rencontres Nationales du Transport Public Lair en mouvement. EMS-Concept cr\u00e9ateur de moteurs et compresseurs depuis 1950 <img decoding=\"async\" src=\"https:\/\/www.irizar-emobility.com\/wp-content\/uploads\/2019\/09\/Nantes-2019.jpg\" alt=\"rencontres dans les transports\" align=\"right\"> Sep 20, 2019 Interview dAnne G\u00e9rard, pr\u00e9sidente du GIE Objectif Transport public. Apr\u00e8s Marseille en 2017, cest \u00e0 Nantes que se vont se d\u00e9rouler du May 11, 2010 A Copenhague la capitale et la plus grande ville de ce pays, la soci\u00e9t\u00e9 de transport Arriva Nederland a lanc\u00e9 une initiative insolite pour Oct 3, 2021 Les 28e Rencontres nationales du transport public se sont tenues \u00e0 Toulouse du 28 au 30 septembre. Et ce nest pas un hasard car la ville a Les 10 et 11 septembre \u00e0 Ch\u00e2teauroux dans lIndre sorganisent les deuxi\u00e8mes rencontres internationales des transports publics gratuits Les Rencontres nationales du transport public rassemblent, tous les deux ans, plus de 6 000 congressistes et visiteurs: \u00e9lus, membres de collectivit\u00e9s.<\/p>\n","protected":false},"excerpt":{"rendered":"<p>28es Rencontres Transports et Mobilit\u00e9s. Pr\u00e9sid\u00e9es par. Karima Delli d\u00e9put\u00e9e europ\u00e9enne. Zivka Park d\u00e9put\u00e9e du Val-dOise \u00c0 lissue des 1e Rencontres europ\u00e9ennes du Transport public gratuit \u00e0 Dunkerque septembre 2018, et en raison de son expertise dans cette d\u00e9marche Dec 5, 2003 Les 19e rencontres du Groupement des autorit\u00e9s responsables de transport Gart ont eu [&hellip;]<\/p>\n","protected":false},"author":1,"featured_media":0,"comment_status":"closed","ping_status":"closed","sticky":false,"template":"","format":"standard","meta":{"footnotes":""},"categories":[],"tags":[],"class_list":["post-6720","post","type-post","status-publish","format-standard","hentry"],"blocksy_meta":[],"_links":{"self":[{"href":"http:\/\/chiidaspa.com\/forum\/wp-json\/wp\/v2\/posts\/6720","targetHints":{"allow":["GET"]}}],"collection":[{"href":"http:\/\/chiidaspa.com\/forum\/wp-json\/wp\/v2\/posts"}],"about":[{"href":"http:\/\/chiidaspa.com\/forum\/wp-json\/wp\/v2\/types\/post"}],"author":[{"embeddable":true,"href":"http:\/\/chiidaspa.com\/forum\/wp-json\/wp\/v2\/users\/1"}],"replies":[{"embeddable":true,"href":"http:\/\/chiidaspa.com\/forum\/wp-json\/wp\/v2\/comments?post=6720"}],"version-history":[{"count":0,"href":"http:\/\/chiidaspa.com\/forum\/wp-json\/wp\/v2\/posts\/6720\/revisions"}],"wp:attachment":[{"href":"http:\/\/chiidaspa.com\/forum\/wp-json\/wp\/v2\/media?parent=6720"}],"wp:term":[{"taxonomy":"category","embeddable":true,"href":"http:\/\/chiidaspa.com\/forum\/wp-json\/wp\/v2\/categories?post=6720"},{"taxonomy":"post_tag","embeddable":true,"href":"http:\/\/chiidaspa.com\/forum\/wp-json\/wp\/v2\/tags?post=6720"}],"curies":[{"name":"wp","href":"https:\/\/api.w.org\/{rel}","templated":true}]}}