{"id":6781,"date":"2022-11-13T17:31:35","date_gmt":"2022-11-13T17:31:35","guid":{"rendered":"http:\/\/chiidaspa.com\/forum\/?p=6781"},"modified":"2022-11-13T17:31:35","modified_gmt":"2022-11-13T17:31:35","slug":"rencontre-gbagbo-ouattara","status":"publish","type":"post","link":"http:\/\/chiidaspa.com\/forum\/rencontre-gbagbo-ouattara\/","title":{"rendered":"Rencontre gbagbo ouattara"},"content":{"rendered":"<p>D\u00e9menti autour dune rencontre Gbagbo-Ouattara. Par BFMTV Info. Signaler. Le Premier ministre k\u00e9nyan Raila Odinga, lun des m\u00e9diateurs dans la crise en 4 days ago Lancien pr\u00e9sident ivoirien a rencontr\u00e9, durant le week-end du 11 et 12 d\u00e9cembre \u00e0 Accra, les repr\u00e9sentants des exil\u00e9s. Une rencontre <img decoding=\"async\" src=\"https:\/\/img.lemde.fr\/2021\/07\/27\/495\/0\/4094\/2043\/1440\/720\/60\/0\/cf533d8_364662852-000-9fl22g.jpg\" alt=\"rencontre gbagbo ouattara\" align=\"center\"> Jul 26, 2021 Issouf Sanogo, Sia KambouAFP Alassane Ouattara et Laurent Gbagbo, deux hommes politiques au centre de la crise ivoirienne Jul 21, 2021 Le chef de lEtat ivoirien Alassane Ouattara va rencontrer son pr\u00e9d\u00e9cesseur et ancien rival Laurent Gbagbo le 27 juillet, une premi\u00e8re Jul 27, 2021 Le pr\u00e9sident ivoirien Alassane Ouattara et son pr\u00e9d\u00e9cesseur Laurent Gbagbo se rencontreront ce mardi 27 juillet. Est-ce la premi\u00e8re \u00e9tape de <img decoding=\"async\" src=\"https:\/\/resize-europe1.lanmedia.fr\/r\/622,311,forcex,center-middle\/img\/var\/europe1\/storage\/images\/europe1\/international\/gbagbo-aurait-voulu-tuer-ouattara-299380\/6337422-1-fre-FR\/Gbagbo-aurait-voulu-tuer-Ouattara.jpg\" alt=\"rencontre gbagbo ouattara\" align=\"left\"> Jul 28, 2021 La rencontre tant attendue entre Laurent Gbagbo et Alassane Ouattara a eu lieu ce mardi, \u00e0 la satisfaction g\u00e9n\u00e9rale des Ivoiriens tr\u00e8s Jul 28, 2021 Rencontre Ouattara-Gbagbo: La th\u00e9matique de la r\u00e9conciliation nest. Content de te voir, a lanc\u00e9 le pr\u00e9sident Alassane Ouattara \u00e0 son Comment tu vas Laurent. Content de te voir. Ce sont les premiers mots du pr\u00e9sident Alassane Ouattara Jul 28, 2021 Alassane Ouattara a re\u00e7u Laurent Gbagbo, ce mardi 27 07. 2021. C\u00e9tait leur premi\u00e8re rencontre depuis la crise de 2010 qui a fait des Jul 21, 2021. Une rencontre est pr\u00e9vue entre le pr\u00e9sident Alassane Ouattara et Laurent Gbagbo le 27 juillet, a appris Lebledparle. Com de RFI Jun 18, 2021 Ses proches \u00e9voquent une future rencontre Alassane Ouattara. Laurent Gbagbo acclam\u00e9 par ses supporters jeudi \u00e0 Abidjan. Leo CorreaAP Jul 22, 2021 Alassane Ouattara rencontrera son pr\u00e9d\u00e9cesseur et ancien rival Laurent Gbagbo le 27 juillet pour leurs premiers entretiens depuis le retour Jul 27, 2021 Tr\u00e8s attendue, la rencontre Ouattara-Gbagbo sest d\u00e9roul\u00e9e au palais pr\u00e9sidentiel dAbidjan dans une ambiance amicale Rencontre Gbagbo-Ouattara. Ars\u00e8ne Konan est Coordonnateur des programmes \u00e0 Indigo C\u00f4te dIvoire. Il analyse la dynamique socio politique apr\u00e8s la rencontre Jul 23, 2021 Le pr\u00e9sident du Front populaire ivoirien FPI, Pascal Affi NGuessan, sest prononc\u00e9 sur la rencontre de lancien pr\u00e9sident Laurent Gbagbo Sep 4, 2021 Content de te voir, a lanc\u00e9 Alassane Ouattara \u00e0 Laurent Gbagbo. Dans sa toute derni\u00e8re parution, Jeune Afrique a r\u00e9v\u00e9l\u00e9 que la rencontre Aug 2, 2021 Apr\u00e8s la r\u00e9cente rencontre entre les pr\u00e9sidents ivoiriens Laurent Gbagbo et Alassane Ouattara, le r\u00f4le de Mgr Jean Pierre cardinal Kutwa a La rencontre entre Alassane Ouattara et Laurent Gbagbo du 27 juillet dernier, a laiss\u00e9 tr\u00e8s peu de place \u00e0 un t\u00eate \u00e0 t\u00eate. Les deux hommes sont venus chacun Mercredi 28 juillet, AlassaneOuattara et son pr\u00e9d\u00e9cesseur LaurentGbagbo se sont retrouv\u00e9s \u00e0 Abidjan pour une Jul 28, 2021 Le pr\u00e9sident ivoirien Alassane Ouattara et son pr\u00e9d\u00e9cesseur Laurent Gbagbo se sont rencontr\u00e9s au palais pr\u00e9sidentiel dAbidjan Jul 21, 2021 Le chef de l\u00c9tat ivoirien Alassane Ouattara va rencontrer son pr\u00e9d\u00e9cesseur et ancien rival Laurent Gbagbo le 27 juillet <img decoding=\"async\" src=\"https:\/\/i.ytimg.com\/vi\/mOdxN0y93-c\/hqdefault.jpg\" alt=\"rencontre gbagbo ouattara\" align=\"left\"> Jul 27, 2021 Lex-pr\u00e9sident Laurent Gbagbo se rend au palais pr\u00e9sidentiel le mardi 27 juillet pour rencontrer le Chef de lEtat Alassane Ouattara. Selon le D\u00e9menti autour dune rencontre Gbagbo-Ouattara. Le Premier ministre k\u00e9nyan Raila Odinga, lun des.<\/p>\n","protected":false},"excerpt":{"rendered":"<p>D\u00e9menti autour dune rencontre Gbagbo-Ouattara. Par BFMTV Info. Signaler. Le Premier ministre k\u00e9nyan Raila Odinga, lun des m\u00e9diateurs dans la crise en 4 days ago Lancien pr\u00e9sident ivoirien a rencontr\u00e9, durant le week-end du 11 et 12 d\u00e9cembre \u00e0 Accra, les repr\u00e9sentants des exil\u00e9s. Une rencontre Jul 26, 2021 Issouf Sanogo, Sia KambouAFP Alassane Ouattara [&hellip;]<\/p>\n","protected":false},"author":1,"featured_media":0,"comment_status":"closed","ping_status":"closed","sticky":false,"template":"","format":"standard","meta":{"footnotes":""},"categories":[],"tags":[],"class_list":["post-6781","post","type-post","status-publish","format-standard","hentry"],"blocksy_meta":[],"_links":{"self":[{"href":"http:\/\/chiidaspa.com\/forum\/wp-json\/wp\/v2\/posts\/6781","targetHints":{"allow":["GET"]}}],"collection":[{"href":"http:\/\/chiidaspa.com\/forum\/wp-json\/wp\/v2\/posts"}],"about":[{"href":"http:\/\/chiidaspa.com\/forum\/wp-json\/wp\/v2\/types\/post"}],"author":[{"embeddable":true,"href":"http:\/\/chiidaspa.com\/forum\/wp-json\/wp\/v2\/users\/1"}],"replies":[{"embeddable":true,"href":"http:\/\/chiidaspa.com\/forum\/wp-json\/wp\/v2\/comments?post=6781"}],"version-history":[{"count":0,"href":"http:\/\/chiidaspa.com\/forum\/wp-json\/wp\/v2\/posts\/6781\/revisions"}],"wp:attachment":[{"href":"http:\/\/chiidaspa.com\/forum\/wp-json\/wp\/v2\/media?parent=6781"}],"wp:term":[{"taxonomy":"category","embeddable":true,"href":"http:\/\/chiidaspa.com\/forum\/wp-json\/wp\/v2\/categories?post=6781"},{"taxonomy":"post_tag","embeddable":true,"href":"http:\/\/chiidaspa.com\/forum\/wp-json\/wp\/v2\/tags?post=6781"}],"curies":[{"name":"wp","href":"https:\/\/api.w.org\/{rel}","templated":true}]}}