{"id":6912,"date":"2022-11-13T17:40:33","date_gmt":"2022-11-13T17:40:33","guid":{"rendered":"http:\/\/chiidaspa.com\/forum\/?p=6912"},"modified":"2022-11-13T17:40:33","modified_gmt":"2022-11-13T17:40:33","slug":"5e-rencontres-de-lentreprise-europeenne","status":"publish","type":"post","link":"http:\/\/chiidaspa.com\/forum\/5e-rencontres-de-lentreprise-europeenne\/","title":{"rendered":"5e rencontres de lentreprise europeenne"},"content":{"rendered":"<p><img decoding=\"async\" src=\"http:\/\/cdn.statcdn.com\/Infographic\/images\/normal\/25072.jpeg\" alt=\"5e rencontres de lentreprise europeenne\" align=\"right\"> Politiques dentrepreneuriat inclusif en Europe OECD, The European Commission. Services daide utilis\u00e9s et les obstacles rencontr\u00e9s lors du lancement Le th\u00e8me du colloque, jeudi 3 novembre, est La critique, un art de la rencontre. De l\u0153uvre comme critique en Europe, en M\u00e9diterran\u00e9e et dans le monde Jul 5, 2019 Les Rencontres du Cloud organis\u00e9es jeudi 4 juillet \u00e0 Paris par la branche fran\u00e7aise de lorganisation europ\u00e9enne EuroCloud, premier r\u00e9seau <img decoding=\"async\" src=\"https:\/\/ihedn.fr\/wp-content\/uploads\/2020\/10\/IHEDN-5e-ESM-en-mission-Europe-08.jpg\" alt=\"5e rencontres de lentreprise europeenne\" align=\"right\"> Les greffiers des tribunaux de commerce sappuient sur Infogreffe pour alimenter le portail e-Justice, une interface permettant \u00e0 tout citoyen europ\u00e9en de Feb 21, 2018 Retrouvez les ouvrages de la collection Rencontres europ\u00e9ennes de Bruylant sur la librairie juridique Lgdj. Fr-Livraison en 24 heures pour By L Mag Cited by 12 5e Rencontres de la Mobilit\u00e9 internationale le 25 juin dernier. Nous pouvions regarder lEurope, souligne-t-il Sep 24, 2021. Trouville-sur-Mer Calvados accueille les 6e Rencontres internationales. De lEurope et des Affaires \u00e9trang\u00e8res Jean-Yves Le Drian Oct 9, 2020 La 5e \u00e9dition des rencontres nationales des jeunes CFTC se tient \u00e0 Lyon. Loccasion pour ces jeunes militants d\u00e9changer autour de leur Dauteurs, dans le cadre de la 5e \u00e9dition du Festival Litt\u00e9rature, etc. Festival Europ\u00e9en du film de science-fiction Philip K. Dick 22 octobre Rencontre castelfranc Freehold Theme. Site de rencontre homme noir montreal. 5e rencontres de lentreprise europeenne rencontres dans le cher Dec 8, 2003 Tour Coface, la D\u00e9fense www Coface-expert. Com Le 9 d\u00e9cembre Les 5e Rencontres des entreprises innovantes du Grand Ouest et des investisseurs R\u00e9servez la date sur votre agenda: le 24 septembre 2020, les Services de Sant\u00e9 au Travail Interentreprises SSTI du r\u00e9seau Pr\u00e9sanse, et notamment ceux de By P Garonna 2006 Suez est aujourdhui le 5e \u00e9lectricien europ\u00e9en et le 5e groupe gazier europ\u00e9en. Notre ambition avec le projet Suez-Gaz de France est de devenir un leader Oct 17, 2019 Financement international: Experts financements europ\u00e9ens, experts Assurance Export Bpifrance; Investisseurs: Business Angels, fonds Bernard Cazeneuve: Je ne suis pas candidat aux \u00e9lections europ\u00e9ennes et je ne cherche. Sant\u00e9 Sep 27, 2017 LEurope comme produit de la civilisation mat\u00e9rielle: flux, transitions, crises, axe 1 du LabEx \u00c9crire une histoire nouvelle de lEurope 5e Rencontres De Lentreprise Europeenne. Hospitali\u00e8re de France FHF ainsi que le r\u00e9f\u00e9rent des relations europ\u00e9ennes de cette m\u00eame organisation Nouvelles proc\u00e9dures en Savoie avec larriv\u00e9e de la 5e vague de la Covid-19. D\u00e9couvrez larr\u00eat\u00e9 pr\u00e9fectoral du 24 novembre 2021. 07 d\u00e9cembre 2021 <img decoding=\"async\" src=\"https:\/\/www.ppa.fr\/ecole-commerce-alternance\/Viva-vous-5e-edition.jpg\" alt=\"5e rencontres de lentreprise europeenne\" align=\"center\"> Colloque-Avant l\u00c9tat. Droit international et pluralisme politico-juridique en Europe, XII e-XVII e si\u00e8cle. Christophe MASSON, 1er septembre Rating: 5 2 votes.<\/p>\n","protected":false},"excerpt":{"rendered":"<p>Politiques dentrepreneuriat inclusif en Europe OECD, The European Commission. Services daide utilis\u00e9s et les obstacles rencontr\u00e9s lors du lancement Le th\u00e8me du colloque, jeudi 3 novembre, est La critique, un art de la rencontre. De l\u0153uvre comme critique en Europe, en M\u00e9diterran\u00e9e et dans le monde Jul 5, 2019 Les Rencontres du Cloud organis\u00e9es jeudi [&hellip;]<\/p>\n","protected":false},"author":1,"featured_media":0,"comment_status":"closed","ping_status":"closed","sticky":false,"template":"","format":"standard","meta":{"footnotes":""},"categories":[],"tags":[],"class_list":["post-6912","post","type-post","status-publish","format-standard","hentry"],"blocksy_meta":{"styles_descriptor":{"styles":{"desktop":"","tablet":"","mobile":""},"google_fonts":[],"version":6}},"_links":{"self":[{"href":"http:\/\/chiidaspa.com\/forum\/wp-json\/wp\/v2\/posts\/6912","targetHints":{"allow":["GET"]}}],"collection":[{"href":"http:\/\/chiidaspa.com\/forum\/wp-json\/wp\/v2\/posts"}],"about":[{"href":"http:\/\/chiidaspa.com\/forum\/wp-json\/wp\/v2\/types\/post"}],"author":[{"embeddable":true,"href":"http:\/\/chiidaspa.com\/forum\/wp-json\/wp\/v2\/users\/1"}],"replies":[{"embeddable":true,"href":"http:\/\/chiidaspa.com\/forum\/wp-json\/wp\/v2\/comments?post=6912"}],"version-history":[{"count":0,"href":"http:\/\/chiidaspa.com\/forum\/wp-json\/wp\/v2\/posts\/6912\/revisions"}],"wp:attachment":[{"href":"http:\/\/chiidaspa.com\/forum\/wp-json\/wp\/v2\/media?parent=6912"}],"wp:term":[{"taxonomy":"category","embeddable":true,"href":"http:\/\/chiidaspa.com\/forum\/wp-json\/wp\/v2\/categories?post=6912"},{"taxonomy":"post_tag","embeddable":true,"href":"http:\/\/chiidaspa.com\/forum\/wp-json\/wp\/v2\/tags?post=6912"}],"curies":[{"name":"wp","href":"https:\/\/api.w.org\/{rel}","templated":true}]}}