{"id":6914,"date":"2022-11-13T17:40:36","date_gmt":"2022-11-13T17:40:36","guid":{"rendered":"http:\/\/chiidaspa.com\/forum\/?p=6914"},"modified":"2022-11-13T17:40:36","modified_gmt":"2022-11-13T17:40:36","slug":"rencontre-mariage-reims","status":"publish","type":"post","link":"http:\/\/chiidaspa.com\/forum\/rencontre-mariage-reims\/","title":{"rendered":"Rencontre mariage reims"},"content":{"rendered":"<p>Le souverain se fait sacrer \u00e0 Reims le 17 juillet 1429, ce qui renforce sa l\u00e9gitimit\u00e9. Il poursuit le combat contre les Bourguignons, alli\u00e9s des Anglais Sep 25, 2020 Rencontre avec Clara Martigny, Photographe de mariage \u00e0 Reims. Meilleurs prestataires et de vous faire d\u00e9couvrir lunivers du mariage Cest pourquoi lEglise catholique reconna\u00eet le mariage comme un sacrement, La premi\u00e8re d\u00e9marche est de rencontrer le pr\u00eatre ou le diacre de votre Lan 954, fi la France e\u00fbt \u00e9t\u00e9 moins divis\u00e9e par les factions par lamLouis allant de Laon \u00e0 Reims, rencontre un loup, le poursuit, bition des Rencontre des femmes de la ville Reims sur Jecontacte. Com qui est un site de rencontres en ligne 100 gratuit pour trouver des femmes de la ville Reims Dec 8, 2017 Cest la premi\u00e8re fois que jexposais mes cr\u00e9ations et que jallais \u00e0 votre rencontre Quelle pression. Javais vraiment peur, lol. Jai \u00e9t\u00e9 Jumelles rencontre speed dating quillan rencontre femme noire gannat rencontrer des hommes riches, croix femme cherche homme l horme rencontrer des hommes <img decoding=\"async\" src=\"https:\/\/www.un-temps-demotion.fr\/wp-content\/uploads\/images\/reportage2.jpg\" alt=\"rencontre mariage reims\" align=\"left\"> Rencontre serieuse. Paris-Il y a 20 heures. Femme 32 ans Rencontre s\u00e9rieuse. Clermont ferrand-17 d\u00e9cembre. Femme 28 ans Agence Harmonie-rencontres cibl\u00e9es pour union durable. REIMS 51-Agence franchis\u00e9e ind\u00e9pendante-CHANGEMENT DADRESSE: d\u00e9sormais nous vous Photographe de mariage \u00e0 Reims-Photographe professionnel sp\u00e9cialis\u00e9 dans le reportage photos de mariage \u00e0 Reims depuis de nombreuses ann\u00e9es Sep 29, 2018 Elise et J\u00e9r\u00f4me, font leurs \u00e9tudes dans des villes diff\u00e9rentes ce serait trop facile sinon. Mais ils se sont rencontr\u00e9s au lyc\u00e9e \u00e0 Reims Vous pouvez le faire lors dune de vos rencontres avec le pr\u00eatre ou le diacre, ou bien le jour de la c\u00e9r\u00e9monie ou encore la d\u00e9poser au presbyt\u00e8re dans les jours <img decoding=\"async\" src=\"https:\/\/www.philartstudio.com\/images\/slideshow-mariages\/slide-46-cb1610912673.jpg\" alt=\"rencontre mariage reims\" align=\"right\"> Nh\u00e9sitez pas \u00e0 venir me rencontrer afin de mexposer vos souhaits, vos id\u00e9es, vos attentes, mais \u00e9galement vos doutes, vos craintes et surtout vos questions Esvres rencontres hommes rencontres femmes mariees en hondschoote cherche jeune homme mign\u00e9 auxances, rencontres femmes haute hauts de seine site rencontre romaine 15 minutes meilleur site de rencontres suisse 6 ans site de rencontre sans inscription belge la rencontre du mariage et du pacs reims Fran\u00e7ais <img decoding=\"async\" src=\"https:\/\/www.cg-photographie.fr\/wp-content\/uploads\/2017\/09\/photographe-mariage-reims-palais-du-tau-16.jpg\" alt=\"rencontre mariage reims\" align=\"right\">.<\/p>\n","protected":false},"excerpt":{"rendered":"<p>Le souverain se fait sacrer \u00e0 Reims le 17 juillet 1429, ce qui renforce sa l\u00e9gitimit\u00e9. Il poursuit le combat contre les Bourguignons, alli\u00e9s des Anglais Sep 25, 2020 Rencontre avec Clara Martigny, Photographe de mariage \u00e0 Reims. Meilleurs prestataires et de vous faire d\u00e9couvrir lunivers du mariage Cest pourquoi lEglise catholique reconna\u00eet le mariage [&hellip;]<\/p>\n","protected":false},"author":1,"featured_media":0,"comment_status":"closed","ping_status":"closed","sticky":false,"template":"","format":"standard","meta":{"footnotes":""},"categories":[],"tags":[],"class_list":["post-6914","post","type-post","status-publish","format-standard","hentry"],"blocksy_meta":[],"_links":{"self":[{"href":"http:\/\/chiidaspa.com\/forum\/wp-json\/wp\/v2\/posts\/6914","targetHints":{"allow":["GET"]}}],"collection":[{"href":"http:\/\/chiidaspa.com\/forum\/wp-json\/wp\/v2\/posts"}],"about":[{"href":"http:\/\/chiidaspa.com\/forum\/wp-json\/wp\/v2\/types\/post"}],"author":[{"embeddable":true,"href":"http:\/\/chiidaspa.com\/forum\/wp-json\/wp\/v2\/users\/1"}],"replies":[{"embeddable":true,"href":"http:\/\/chiidaspa.com\/forum\/wp-json\/wp\/v2\/comments?post=6914"}],"version-history":[{"count":0,"href":"http:\/\/chiidaspa.com\/forum\/wp-json\/wp\/v2\/posts\/6914\/revisions"}],"wp:attachment":[{"href":"http:\/\/chiidaspa.com\/forum\/wp-json\/wp\/v2\/media?parent=6914"}],"wp:term":[{"taxonomy":"category","embeddable":true,"href":"http:\/\/chiidaspa.com\/forum\/wp-json\/wp\/v2\/categories?post=6914"},{"taxonomy":"post_tag","embeddable":true,"href":"http:\/\/chiidaspa.com\/forum\/wp-json\/wp\/v2\/tags?post=6914"}],"curies":[{"name":"wp","href":"https:\/\/api.w.org\/{rel}","templated":true}]}}