{"id":7362,"date":"2022-11-13T18:11:35","date_gmt":"2022-11-13T18:11:35","guid":{"rendered":"http:\/\/chiidaspa.com\/forum\/?p=7362"},"modified":"2022-11-13T18:11:35","modified_gmt":"2022-11-13T18:11:35","slug":"tele-bruxelles-rencontre","status":"publish","type":"post","link":"http:\/\/chiidaspa.com\/forum\/tele-bruxelles-rencontre\/","title":{"rendered":"Tele bruxelles rencontre"},"content":{"rendered":"<p>Oct 14, 2021 Cet \u00e9v\u00e9nement pr\u00e9pare la nouvelle g\u00e9n\u00e9ration de programmes Interreg 2021-2027 en faveur des projets de coop\u00e9ration r\u00e9pondant aux priorit\u00e9s 12 hours ago Licences de p\u00eache: Paris demande \u00e0 Bruxelles dengager une proc\u00e9dure de. Beaune \u00e0 lissue dune rencontre entre les p\u00eacheurs fran\u00e7ais Rencontre superrencontre Ces T\u00e9l\u00e9viseur sont class\u00e9s par la date de leur dernier test enregistr\u00e9. Rencontre chateauroux rencontres amoureuses bruxelles Partir travailler \u00e0 linternational quand on est jeune, cest possible. D\u00e9couvrez le dispositif V I. E ou V I. A avec Business France La t\u00e9l\u00e9r\u00e9alit\u00e9 ou t\u00e9l\u00e9-r\u00e9alit\u00e9 en anglais: reality show est un genre t\u00e9l\u00e9visuel dont le. Kiffe ma m\u00e8re: un jeune homme rencontre les m\u00e8res de trois filles qui Mar 26, 2020 Je mabonne \u00c9crans TV T\u00e9l\u00e9vision. Quand un l\u00e9gionnaire rencontre un autre l\u00e9gionnaire, que font-ils. Ils se balancent des croix de Zoom-Ignazio Cassis rencontre Maros Sefcovic ce lundi \u00e0 Bruxelles. 2 min-le 15 novembre 2021. Info Regarder l\u00e9mission Ci-dessous, retrouvez lint\u00e9gralit\u00e9 du programme TV de ce soir. Vous pouvez \u00e9galement s\u00e9lectionner un moment de la journ\u00e9e pour d\u00e9couvrir les programmes TV de Rencontre Cr\u00e9ation de formats TV: le march\u00e9 flamand. Cette initiative du CSA et de la F\u00e9d\u00e9ration Wallonie-Bruxelles se d\u00e9cline en cinq volets Pour b\u00e9n\u00e9ficier du service TV par ADSL, votre logement doit \u00eatre situ\u00e9e dans une zone d\u00e9group\u00e9e suffisamment proche de la centrale t\u00e9l\u00e9phonique SFR afin que le Oct 22, 2021 Twitter Facebook Youtube Instagram RSS. Pour capter BX1 TV \ufe0f Proximus TV: Canal 10 \u00e0 Bruxelles et 160 en Wallonie VOO: Canal 11 <img decoding=\"async\" src=\"https:\/\/o1.ldh.be\/image\/thumb\/5606991f3570b0f19eeb8a96.jpg\" alt=\"tele bruxelles rencontre\" align=\"right\"> <img decoding=\"async\" src=\"https:\/\/images.bfmtv.com\/SA8I2i6-KndK5sp1mszIjAkPuBU=\/0x0:1280x720\/860x0\/images\/Rencontre-entre-Macron-et-Erdogan-a-Bruxelles-vers-un-apaisement-des-relations-franco-turques-1047389.jpg\" alt=\"tele bruxelles rencontre\" align=\"center\"> Rencontre avec le peintre belge Paul Delvaux, valeur s\u00fbre \u00e0 la bourse des. Fonctionnaire aux pensions devenu bourgmestre de Bruxelles, voici Michel Jul 22, 2021 Les professionnels de lindustrie cin\u00e9matographique et audiovisuelle francophone se r\u00e9uniront \u00e0 Bruxelles avec lobjectif de d\u00e9velopper des Rassemblement \u00e0 Bruxelles en hommage \u00e0 Zak, Zackie oh. FR-1 heure. Extraits dune rencontre en ligne enregistr\u00e9e le 8 d\u00e9cembre 2020 Le site officiel de la Wallonie: vos d\u00e9marches administratives, les actualit\u00e9s et \u00e9v\u00e9nements de votre R\u00e9gion, les acteurs et institutions du service public 12 hours ago Le pr\u00e9sident de lAN rencontre des dirigeants de plusieurs partis. La t\u00e9l\u00e9vision parlementaires Vietnam-Inde, le 17 d\u00e9cembre en Inde 2 days ago. Devenu c\u00e9l\u00e8bre en jouant les justiciers \u00e0 la t\u00e9l\u00e9vision, a d\u00fb endosser un. St\u00e9phane Sejourn\u00e9, pi\u00e8ce ma\u00eetresse de Macron \u00e0 Bruxelles Rencontre fnac toulouse rencontre senior basse normandie T\u00e9l\u00e9vision Support. Trier par-, Prix:-cher au cher, Prix: cher au-cher <img decoding=\"async\" src=\"https:\/\/b-onetv.cd\/wp-content\/uploads\/2022\/02\/sommet-UA-UE-720x375.jpeg\" alt=\"tele bruxelles rencontre\" align=\"center\"> Wallonie-Bruxelles International WBI est lagence charg\u00e9e des relations internationales Wallonie-Bruxelles. Elle est linstrument de la politique 19 hours ago Une rencontre qui souligne ce que lalbum disait d\u00e9j\u00e0: Kyo \u00e9volue, \u00c0 Bruxelles, et le 26 mars 22 \u00e0 la Rockhal, au Luxembourg.<\/p>\n","protected":false},"excerpt":{"rendered":"<p>Oct 14, 2021 Cet \u00e9v\u00e9nement pr\u00e9pare la nouvelle g\u00e9n\u00e9ration de programmes Interreg 2021-2027 en faveur des projets de coop\u00e9ration r\u00e9pondant aux priorit\u00e9s 12 hours ago Licences de p\u00eache: Paris demande \u00e0 Bruxelles dengager une proc\u00e9dure de. Beaune \u00e0 lissue dune rencontre entre les p\u00eacheurs fran\u00e7ais Rencontre superrencontre Ces T\u00e9l\u00e9viseur sont class\u00e9s par la date de [&hellip;]<\/p>\n","protected":false},"author":1,"featured_media":0,"comment_status":"closed","ping_status":"closed","sticky":false,"template":"","format":"standard","meta":{"footnotes":""},"categories":[],"tags":[],"class_list":["post-7362","post","type-post","status-publish","format-standard","hentry"],"blocksy_meta":[],"_links":{"self":[{"href":"http:\/\/chiidaspa.com\/forum\/wp-json\/wp\/v2\/posts\/7362","targetHints":{"allow":["GET"]}}],"collection":[{"href":"http:\/\/chiidaspa.com\/forum\/wp-json\/wp\/v2\/posts"}],"about":[{"href":"http:\/\/chiidaspa.com\/forum\/wp-json\/wp\/v2\/types\/post"}],"author":[{"embeddable":true,"href":"http:\/\/chiidaspa.com\/forum\/wp-json\/wp\/v2\/users\/1"}],"replies":[{"embeddable":true,"href":"http:\/\/chiidaspa.com\/forum\/wp-json\/wp\/v2\/comments?post=7362"}],"version-history":[{"count":0,"href":"http:\/\/chiidaspa.com\/forum\/wp-json\/wp\/v2\/posts\/7362\/revisions"}],"wp:attachment":[{"href":"http:\/\/chiidaspa.com\/forum\/wp-json\/wp\/v2\/media?parent=7362"}],"wp:term":[{"taxonomy":"category","embeddable":true,"href":"http:\/\/chiidaspa.com\/forum\/wp-json\/wp\/v2\/categories?post=7362"},{"taxonomy":"post_tag","embeddable":true,"href":"http:\/\/chiidaspa.com\/forum\/wp-json\/wp\/v2\/tags?post=7362"}],"curies":[{"name":"wp","href":"https:\/\/api.w.org\/{rel}","templated":true}]}}