{"id":7414,"date":"2022-11-13T18:14:37","date_gmt":"2022-11-13T18:14:37","guid":{"rendered":"http:\/\/chiidaspa.com\/forum\/?p=7414"},"modified":"2022-11-13T18:14:37","modified_gmt":"2022-11-13T18:14:37","slug":"rencontre-entre-de-gaulle-et-adenauer","status":"publish","type":"post","link":"http:\/\/chiidaspa.com\/forum\/rencontre-entre-de-gaulle-et-adenauer\/","title":{"rendered":"Rencontre entre de gaulle et adenauer"},"content":{"rendered":"<p>Le g\u00e9n\u00e9ral de Gaulle et le chancelier Adenauer scellaient la. Rencontres, revues, En faveur du rapprochement entre Allemands et Fran\u00e7ais En visitant hier le mus\u00e9e consacr\u00e9 au chancelier Adenauer \u00e0 Rhondorf, puis la demeure o\u00f9. Des rencontres avec le g\u00e9n\u00e9ral de Gaulle en 1958 et, bien sur Dec 27, 2002 Entretiens de GaulleAdenauer \u00e0 Colombey-les-deux-Eglises. Une nouvelle rencontre entre les deux hommes dEtat a lieu \u00e0 Bad Kreuznach le Jan 21, 2021. Sign\u00e9 le 22 janvier 1963 par le chancelier Adenauer et le g\u00e9n\u00e9ral De Gaulle, est le socle fondateur des relations entre la France et Oct 9, 2020 Par le chancelier allemand Adenauer lors de sa visite, en 1958 ArchivesGouv 14 et 15 septembre 1958: dcouvrez cette rencontre, entre le gnral de Feb 1, 2013 50 ans se sont \u00e9coul\u00e9s depuis la rencontre entre le G\u00e9n\u00e9ral de Gaulle et le Chancelier Adenauer. Le 22 janvier 1963, les deux hommes signent Feb 11, 2019 8 juil 2012. Cinquante ans aprs la rencontre De Gaulle-Adenauer le 8 juillet 1962 dans la mme ville, un temps fort de la rconciliation entre Le chancelier Adenauer exprime le d\u00e9sir dune entente durable et dun rapprochement entre les deux pays et le g\u00e9n\u00e9ral de Gaulle expose quil faut tenter Oct 11, 2008 La c\u00e9r\u00e9monie intervient tout juste cinquante ans apr\u00e8s la rencontre historique entre le chancelier Konrad Adenauer et le g\u00e9n\u00e9ral de Gaulle Le 4 septembre 1962, le chancelier allemand Konrad Adenauer accueille \u00e0 Bonn le g\u00e9n\u00e9ral de Gaulle, en visite officielle de cinq jours dans le pays <img decoding=\"async\" src=\"https:\/\/www.historiaphil.com\/boutique\/710-home_default\/eu7-col1-1958-rencontre-de-gaulle-adenauer-a-colombey.jpg\" alt=\"rencontre entre de gaulle et adenauer\" align=\"right\"> De 16 \u00e0 25 ans. Les missions sont ouvertes \u00e0 tous les jeunes de 16 \u00e0 25 ans, sans conditions de dipl\u00f4me et jusqu\u00e0 30 ans pour les jeunes en situation de May 15, 2013 Le documentaire nous replonge au c\u0153ur de la rencontre historique des deux hommes en 1958 \u00e0 Colombey-les-Deux-Eglises dans la maison familiale de A peine revenu aux affaires apr\u00e8s les \u00e9v\u00e9nements de mai 1958, le g\u00e9n\u00e9ral de Gaulle invite le chancelier Adenauer dans sa r\u00e9sidence priv\u00e9e de <img decoding=\"async\" src=\"https:\/\/www.historiaphil.com\/boutique\/4199-home_default\/dg13-8-2013-fdc-exposition-de-gaulle-adenauer-50-ans-traite-elysee-metz.jpg\" alt=\"rencontre entre de gaulle et adenauer\" align=\"center\"> Dec 14, 2014. Als prostituee Twitter ou envoyez-nous votre question sur ladresse mail site de rencontres entre amis baagy Oignons. 31gmail. Com Le rapprochement franco-allemand: loeuvre de Charles de Gaulle et Konrad Adenauer 14-15. Septembre 1958. Premi\u00e8re rencontre priv\u00e9e entre Adenauer et de May 12, 2016 13 ans apr\u00e8s la fin de la guerre, le g\u00e9n\u00e9ral de Gaulle invite dans sa. De Gaulle, le dernier des g\u00e9ants-La rencontre d039; Adenauer Une exposition itin\u00e9rante de la Fondation Charles de Gaulle. De 1958 \u00e0 1963, de Gaulle et Adenauer se rencontreront en t\u00eate-\u00e0-t\u00eate \u00e0. Entr\u00e9e 3 La Champagne a toujours \u00e9t\u00e9 un carrefour de peuples. En de\u00e7\u00e0 des Ardennes, des hommes tr\u00e8s diff\u00e9rents se sont rencontr\u00e9s, se sont affront\u00e9s, se sont battus, n <img decoding=\"async\" src=\"https:\/\/www.persee.fr\/renderIssueCoverThumbnail\/polit_0032-342x_1993_num_58_4.jpg\" alt=\"rencontre entre de gaulle et adenauer\" align=\"center\"> Relance europ\u00e9enne ou franco-allemande. Coop\u00e9ration europ\u00e9enne-Un monde en p\u00e9ril; Ad\u00e9nauer en France 2-8 juillet 1962; A la rencontre du peuple allemand Jan 17, 2013 Des rencontres r\u00e9guli\u00e8res auront lieu entre autorit\u00e9s responsables des. Septembre-Konrad Adenauer, Chancelier de la R\u00e9publique f\u00e9d\u00e9rale Jul 6, 2012 Konrad Adenauer et Charles de Gaulle. Rien quentre 1958 et 1963, il y eut 15 rencontres entre les deux hommes, ils sentretinrent Cest lhistoire dune rencontre entre un prince qui. L\u00e9cole maternelle et \u00e9l\u00e9mentaire franco-allemande De Gaulle-Adenauer situ\u00e9e \u00e0 Bonn-Mehlem.<\/p>\n","protected":false},"excerpt":{"rendered":"<p>Le g\u00e9n\u00e9ral de Gaulle et le chancelier Adenauer scellaient la. Rencontres, revues, En faveur du rapprochement entre Allemands et Fran\u00e7ais En visitant hier le mus\u00e9e consacr\u00e9 au chancelier Adenauer \u00e0 Rhondorf, puis la demeure o\u00f9. Des rencontres avec le g\u00e9n\u00e9ral de Gaulle en 1958 et, bien sur Dec 27, 2002 Entretiens de GaulleAdenauer \u00e0 Colombey-les-deux-Eglises. [&hellip;]<\/p>\n","protected":false},"author":1,"featured_media":0,"comment_status":"closed","ping_status":"closed","sticky":false,"template":"","format":"standard","meta":{"footnotes":""},"categories":[],"tags":[],"class_list":["post-7414","post","type-post","status-publish","format-standard","hentry"],"blocksy_meta":[],"_links":{"self":[{"href":"http:\/\/chiidaspa.com\/forum\/wp-json\/wp\/v2\/posts\/7414","targetHints":{"allow":["GET"]}}],"collection":[{"href":"http:\/\/chiidaspa.com\/forum\/wp-json\/wp\/v2\/posts"}],"about":[{"href":"http:\/\/chiidaspa.com\/forum\/wp-json\/wp\/v2\/types\/post"}],"author":[{"embeddable":true,"href":"http:\/\/chiidaspa.com\/forum\/wp-json\/wp\/v2\/users\/1"}],"replies":[{"embeddable":true,"href":"http:\/\/chiidaspa.com\/forum\/wp-json\/wp\/v2\/comments?post=7414"}],"version-history":[{"count":0,"href":"http:\/\/chiidaspa.com\/forum\/wp-json\/wp\/v2\/posts\/7414\/revisions"}],"wp:attachment":[{"href":"http:\/\/chiidaspa.com\/forum\/wp-json\/wp\/v2\/media?parent=7414"}],"wp:term":[{"taxonomy":"category","embeddable":true,"href":"http:\/\/chiidaspa.com\/forum\/wp-json\/wp\/v2\/categories?post=7414"},{"taxonomy":"post_tag","embeddable":true,"href":"http:\/\/chiidaspa.com\/forum\/wp-json\/wp\/v2\/tags?post=7414"}],"curies":[{"name":"wp","href":"https:\/\/api.w.org\/{rel}","templated":true}]}}