{"id":7540,"date":"2022-11-13T18:23:49","date_gmt":"2022-11-13T18:23:49","guid":{"rendered":"http:\/\/chiidaspa.com\/forum\/?p=7540"},"modified":"2022-11-13T18:23:49","modified_gmt":"2022-11-13T18:23:49","slug":"rencontres-internationales-de-cerfs-volants-de-berck-sur-mer","status":"publish","type":"post","link":"http:\/\/chiidaspa.com\/forum\/rencontres-internationales-de-cerfs-volants-de-berck-sur-mer\/","title":{"rendered":"Rencontres internationales de cerfs volants de berck sur mer"},"content":{"rendered":"<p>Apr 10, 2019 Les 33es Rencontres internationales de cerfs-volants se sont ouvertes samedi 6 avril \u00e0 Berck-sur-Mer, dans le Pas-de-Calais Yann Avril Photographies Photos de la C\u00f4te dopale Rencontres internationales de cerfs-volants-Berck sur mer Photos de la C\u00f4te dopale Berck-sur-Mer: 33e Rencontres Internationales de Cerfs-Volants. Par Oph\u00e9lie Duriez R\u00e9dig\u00e9 le 16042019 derni\u00e8re modification le 15042019 Feb 25, 2021 Comme chaque ann\u00e9e des centaines de cerfs-volants vous donnent rendez-vous sur la plage de Berck-sur-Mer, pour le plus grand plaisir des Mar 10, 2020 Les 34e rencontres internationales de cerfs-volants \u00e0 Berck-sur-Mer Pas-de-Calais, qui devaient se d\u00e9rouler du 11 au 19 avril Les Rencontres internationales de cerfs-volants sont loccasion de d\u00e9couvrir un fabuleux spectacle sur la plage de Berck-sur-Mer 20\u00e8mes Rencontres Internationales de Cerfs-Volants de Berck-sur-Mer Limmense plage de sable fin de Berck-sur-Mer a toujours attir\u00e9 les amateurs de sports li\u00e9s au vent et plus particuli\u00e8rement le char \u00e0 voile et le cerf-volant Apr 20, 2018 Depuis le 14 avril et jusqu\u00e0 ce dimanche, les Rencontres Internationales de cerfs-volants ont lieu sur la plage de Berck-sur-Mer Title: Dossier Partenaires Rencontres Internationales de Cerfs-Volants 2019-Berck-sur-Mer, Author: Berck sur Mer Office de Tourisme, Length: 32 pages Apr 13, 2013 Les 27e rencontres internationales de cerfs-volants de Berck-sur-Mer Pas-de-Calais se sont ouvertes samedi dans la station baln\u00e9aire <img decoding=\"async\" src=\"https:\/\/i.ytimg.com\/vi\/-hekS_h7eTE\/maxresdefault.jpg\" alt=\"rencontres internationales de cerfs volants de berck sur mer\" align=\"center\"> Les rencontres internationales de cerfs volants de Berck-sur-Mer. Chambres dh\u00f4tes. H\u00e9bergement \u00e0 la Villa du Marquenterre. G\u00eete Oct 2, 2020 30i\u00e8mes Rencontres internationales de Cerfs-volants rencontres. Rencontre Internationale de cerfs volants 2014 Berck sur mer Feb 19, 2021 Berck: les Rencontres Internationales de Cerfs-Volants officiellement annul\u00e9es. Bruno Cousein, le maire de Berck-sur-mer. Play pause Oct 17, 2021 Les rencontres internationales de cerfs-volants RICV auront bien lieu en 2022, du 23 avril au 1er mai, annoncent nos confr\u00e8res de La Voix Feb 20, 2021 Les rencontres internationales de cerfs-volants de Berck-sur-Mer ont \u00e9t\u00e9 annul\u00e9es cette ann\u00e9e, en raison des restrictions li\u00e9es \u00e0 la du 23 avril au 1er mai 2022 pour une nouvelle \u00e9dition des Rencontres Internationales de Cerfs-Volants, dans le ciel et sur la plage de Berck-sur-Mer <img decoding=\"async\" src=\"https:\/\/i.f1g.fr\/media\/eidos\/orig\/2019\/04\/06\/XVM160e4e2c-5904-11e9-8592-2e68e187fb35.jpg\" alt=\"rencontres internationales de cerfs volants de berck sur mer\" align=\"right\"> Apr 15, 2019 Les cerfs-volants volent dans un ciel bleu azur Des cerfs-volants \u00e0 Berck sur Mer La plage de Berck pendant les rencontres internationales Apr 5, 2013 Les familles ont rendez-vous sur la plage de Berck-sur-Mer pour assister \u00e0 la 33e \u00e9dition des Rencontres Internationales de Cerfs-Volants du Apr 9, 2017 31\u00e8mes Rencontres internationales de cerfs-volants: du samedi 1er au dimanche 9 avril 2017 \u00e0 Berck-sur-Mer. Apr\u00e8s la c\u00e9l\u00e9bration m\u00e9morable de Comme chaque ann\u00e9e des centaines de cerfs-volants vous donnent rendez-vous sur la plage de Berck-sur-Mer, pour le plus grand plaisir des petits et des Apr 19, 2014 En images: Rencontres internationales de cerfs-volants \u00e0 Berck-sur-Mer. Chaque ann\u00e9e, quelque 500 000 amateurs et professionnels du monde Oct 17, 2021 Cest d\u00e9sormais une certitude: les rencontres internationales de cerfs-volants RICV auront bien lieu en 2022, du 23 avril au 1er mai Depuis plus de 30 ans, ont lieu chaque ann\u00e9e les Rencontres Internationales de Cerfs-Volants RICV \u00e0 Berck-sur-Mer. Ces RICV qui se tiendront du 6 au 14 <img decoding=\"async\" src=\"https:\/\/cdn.radiofrance.fr\/s3\/cruiser-production\/2017\/03\/293d7ebe-29a5-451a-930c-49f206d0e9fd\/870x489_slide_prem.jpg\" alt=\"rencontres internationales de cerfs volants de berck sur mer\" align=\"left\"> La 35\u00e8me \u00e9dition des Rencontres Internationales de Cerfs-Volants de Berck-sur-Mer se d\u00e9roulera du samedi 23 avril au dimanche 1er mai prochains.<\/p>\n","protected":false},"excerpt":{"rendered":"<p>Apr 10, 2019 Les 33es Rencontres internationales de cerfs-volants se sont ouvertes samedi 6 avril \u00e0 Berck-sur-Mer, dans le Pas-de-Calais Yann Avril Photographies Photos de la C\u00f4te dopale Rencontres internationales de cerfs-volants-Berck sur mer Photos de la C\u00f4te dopale Berck-sur-Mer: 33e Rencontres Internationales de Cerfs-Volants. Par Oph\u00e9lie Duriez R\u00e9dig\u00e9 le 16042019 derni\u00e8re modification le 15042019 [&hellip;]<\/p>\n","protected":false},"author":1,"featured_media":0,"comment_status":"closed","ping_status":"closed","sticky":false,"template":"","format":"standard","meta":{"footnotes":""},"categories":[],"tags":[],"class_list":["post-7540","post","type-post","status-publish","format-standard","hentry"],"blocksy_meta":[],"_links":{"self":[{"href":"http:\/\/chiidaspa.com\/forum\/wp-json\/wp\/v2\/posts\/7540","targetHints":{"allow":["GET"]}}],"collection":[{"href":"http:\/\/chiidaspa.com\/forum\/wp-json\/wp\/v2\/posts"}],"about":[{"href":"http:\/\/chiidaspa.com\/forum\/wp-json\/wp\/v2\/types\/post"}],"author":[{"embeddable":true,"href":"http:\/\/chiidaspa.com\/forum\/wp-json\/wp\/v2\/users\/1"}],"replies":[{"embeddable":true,"href":"http:\/\/chiidaspa.com\/forum\/wp-json\/wp\/v2\/comments?post=7540"}],"version-history":[{"count":0,"href":"http:\/\/chiidaspa.com\/forum\/wp-json\/wp\/v2\/posts\/7540\/revisions"}],"wp:attachment":[{"href":"http:\/\/chiidaspa.com\/forum\/wp-json\/wp\/v2\/media?parent=7540"}],"wp:term":[{"taxonomy":"category","embeddable":true,"href":"http:\/\/chiidaspa.com\/forum\/wp-json\/wp\/v2\/categories?post=7540"},{"taxonomy":"post_tag","embeddable":true,"href":"http:\/\/chiidaspa.com\/forum\/wp-json\/wp\/v2\/tags?post=7540"}],"curies":[{"name":"wp","href":"https:\/\/api.w.org\/{rel}","templated":true}]}}