{"id":7586,"date":"2022-11-13T18:26:54","date_gmt":"2022-11-13T18:26:54","guid":{"rendered":"http:\/\/chiidaspa.com\/forum\/?p=7586"},"modified":"2022-11-13T18:26:54","modified_gmt":"2022-11-13T18:26:54","slug":"rencontre-eleveur","status":"publish","type":"post","link":"http:\/\/chiidaspa.com\/forum\/rencontre-eleveur\/","title":{"rendered":"Rencontre eleveur"},"content":{"rendered":"<p>S\u00e9bastien est \u00e9leveur de vaches laiti\u00e8res en Normandie. A la t\u00eate dun troupeau de 160 vaches et g\u00e9nisses. Il se doit d\u00eatre vachement bien organis\u00e9 pour Jacqueline Dupenloup, maire de Saint-Alban-les-Villards en Savoie et Nicolas Joubert, maire de Ch\u00e2teaufort et \u00e9leveur de brebis dans les Alpes de <img decoding=\"async\" src=\"https:\/\/www.campuslasallesaintchristophe.fr\/wp-content\/uploads\/2021\/12\/cgea-2.jpg\" alt=\"rencontre eleveur\" align=\"left\"> Dec 5, 2021 Rencontre et discussion avec un \u00e9leveur bovin en agriculture biologique depuis 25 ans-Termin\u00e9. 10 participants Feb 19, 2018 Rencontre avec un chef \u00e9toil\u00e9, un \u00e9leveur percheron inquiet, une clinique qui recrute. On fait le point sur lactu 8 days ago Selon des m\u00e9dias locaux, cest un diff\u00e9rend entre \u00e9leveurs qui a \u00e9t\u00e9 mal. Mali: rencontre annonc\u00e9e entre Assimi Go\u00efta et Emmanuel Macron Dec 16, 2018 Sous l\u00e9gide de lInterbev, interprofession de l\u00e9levage et de la viande, FDSEA et jeunes agriculteurs tenaient un stand, hier matin <img decoding=\"async\" src=\"https:\/\/cdn-s-www.leprogres.fr\/images\/AB1D6CCB-82AE-4CC7-BA62-564C9E3EC976\/NW_raw\/l-assocohab-(a-gauche)-est-alle-a-la-rencontre-de-laurent-volle-(au-centre)-eleveur-a-sainte-paule-lors-de-pistage-du-loup-realise-proche-de-son-troupeau-dans-la-foret-de-la-cantiniere-photo-progres-lea-rochon-1631700030.jpg\" alt=\"rencontre eleveur\" align=\"left\"> Sep 6, 2021 Around BKT Case Histories \u00c9leveurs de b\u00e9tail d\u00e8s la naissance, allez \u00e0 la rencontre des fr\u00e8res Scaglia Article similaire \u00e0 Rencontre avec le bonhomme en rouge. Pol\u00e9mique autour du foie gras: rencontre chez un \u00e9leveur loz\u00e9rien Nov 15, 2017 L\u00e9leveur de Maucourt-sur-Orne dans la Meuse pr\u00e8s de Verdun vous montre. Dans les pr\u00e9s de lElevage dAiry, la nouvelle rencontre avec Cian La rencontre de Cian et Saxon au c\u0153ur de lAmazonie est plus quune rencontre entre deux personnes, cest la rencontre de deux mondes diff\u00e9rents Jai rencontr\u00e9 un \u00e9leveur heureux. Les \u00e9leveurs laitiers fran\u00e7ais sont dans la d\u00e9tresse, accul\u00e9s par le prix du lait. Et l\u00e9cho se fait de plus en plus Sep 4, 2021 Christian Guillou, \u00e9leveur de ch\u00e8vres dans les Combrailles, a \u00e9galement lanc\u00e9 la brasserie des Sagnes, il y a plus de 20 ans 22 hours ago Et sil y a un duo qui illustre \u00e0 merveille la rencontre du Japon et de la Bretagne. Mais le boeuf wagyu est livr\u00e9 par un \u00e9leveur breton <img decoding=\"async\" src=\"https:\/\/cdn-s-www.lejsl.com\/images\/B7EDC738-1939-4F5C-AA80-DBC38E2CDDB1\/NW_detail_M\/title-1576680650.jpg\" alt=\"rencontre eleveur\" align=\"right\"> Jul 10, 2018 Venez \u00e0 la rencontre de Thomas Raiff\u00e9, \u00e9leveur de viande bio en Bretagne et qui nous parle de son m\u00e9tier, de sa reconversion en bio Nov 7, 2019 Les \u00e9leveurs du Berry \u00e0 la rencontre des consommateurs. Eleveur \u00e0 Neuvy-Saint-S\u00e9pulchre, Philippe Routet au milieu sera pr\u00e9sent pour \u00c9tienne Fourmont, \u00e9leveur laitier dans la Sarthe, fait sa promotion sur les r\u00e9seaux sociaux. Il souhaite expliquer aux internautes son Feb 2, 2017 Apr\u00e8s les viticulteurs et les c\u00e9r\u00e9aliers, le pr\u00e9fet du Haut-Rhin a rencontr\u00e9, dans le Sundgau, des \u00e9leveurs de viande bovine et de Jan 5, 2021.<\/p>\n","protected":false},"excerpt":{"rendered":"<p>S\u00e9bastien est \u00e9leveur de vaches laiti\u00e8res en Normandie. A la t\u00eate dun troupeau de 160 vaches et g\u00e9nisses. Il se doit d\u00eatre vachement bien organis\u00e9 pour Jacqueline Dupenloup, maire de Saint-Alban-les-Villards en Savoie et Nicolas Joubert, maire de Ch\u00e2teaufort et \u00e9leveur de brebis dans les Alpes de Dec 5, 2021 Rencontre et discussion avec un [&hellip;]<\/p>\n","protected":false},"author":1,"featured_media":0,"comment_status":"closed","ping_status":"closed","sticky":false,"template":"","format":"standard","meta":{"footnotes":""},"categories":[],"tags":[],"class_list":["post-7586","post","type-post","status-publish","format-standard","hentry"],"blocksy_meta":[],"_links":{"self":[{"href":"http:\/\/chiidaspa.com\/forum\/wp-json\/wp\/v2\/posts\/7586","targetHints":{"allow":["GET"]}}],"collection":[{"href":"http:\/\/chiidaspa.com\/forum\/wp-json\/wp\/v2\/posts"}],"about":[{"href":"http:\/\/chiidaspa.com\/forum\/wp-json\/wp\/v2\/types\/post"}],"author":[{"embeddable":true,"href":"http:\/\/chiidaspa.com\/forum\/wp-json\/wp\/v2\/users\/1"}],"replies":[{"embeddable":true,"href":"http:\/\/chiidaspa.com\/forum\/wp-json\/wp\/v2\/comments?post=7586"}],"version-history":[{"count":0,"href":"http:\/\/chiidaspa.com\/forum\/wp-json\/wp\/v2\/posts\/7586\/revisions"}],"wp:attachment":[{"href":"http:\/\/chiidaspa.com\/forum\/wp-json\/wp\/v2\/media?parent=7586"}],"wp:term":[{"taxonomy":"category","embeddable":true,"href":"http:\/\/chiidaspa.com\/forum\/wp-json\/wp\/v2\/categories?post=7586"},{"taxonomy":"post_tag","embeddable":true,"href":"http:\/\/chiidaspa.com\/forum\/wp-json\/wp\/v2\/tags?post=7586"}],"curies":[{"name":"wp","href":"https:\/\/api.w.org\/{rel}","templated":true}]}}