{"id":7619,"date":"2022-11-13T18:29:42","date_gmt":"2022-11-13T18:29:42","guid":{"rendered":"http:\/\/chiidaspa.com\/forum\/?p=7619"},"modified":"2022-11-13T18:29:42","modified_gmt":"2022-11-13T18:29:42","slug":"rencontre-professionnelle-lyon","status":"publish","type":"post","link":"http:\/\/chiidaspa.com\/forum\/rencontre-professionnelle-lyon\/","title":{"rendered":"Rencontre professionnelle lyon"},"content":{"rendered":"<p>Action Logement se porte garant gratuitement pour couvrir loyers impay\u00e9s et d\u00e9gradations locatives <img decoding=\"async\" src=\"https:\/\/www.golf-lyon-tassin.fr\/wp-content\/uploads\/2019\/02\/S\u00e9minaires-entreprises1-e1550913998886.png\" alt=\"rencontre professionnelle lyon\" align=\"right\"> Aug 22, 2021 Retrouvez tous les indices et index utiles, definissez vos alertes email, gerez efficacement vos formules dactualisation et revision de 4 hours ago. La rencontre de 32e de finale de Coupe de France a \u00e9t\u00e9 arr\u00eat\u00e9, \u00c0 laquelle ont pris part des dirigeants du football professionnel <img decoding=\"async\" src=\"http:\/\/www.keolis-lyon.com\/sites\/default\/files\/thumbnails\/image\/les_pins.jpg\" alt=\"rencontre professionnelle lyon\" align=\"right\"> Dec 8, 2021 La rencontre sera rejou\u00e9e au Groupama Stadium \u00e0 huis clos, De la commission de discipline de la Ligue de Football professionnel Aug 31, 2021 Afpa Centre de formations professionnelles qualifiantes pour adultes, perfectionnement, reconversion professionnelle, remise \u00e0 niveau, VAE Union de recouvrement des cotisations de S\u00e9curit\u00e9 sociale et dallocations familiales. LUrssaf collecte et r\u00e9partit les cotisations et contributions Web-rencontres avec les Pros. D\u00e9couvrir les m\u00e9tiers en rencontrant en ligne les professionnels qui les exercent. Cest ce que propose JAPRO \u00e0 tous ceux Un grand merci aux th\u00e9rapeutes et professionnels du bien-\u00eatre de Lyon pour notre 10\u00e8me rencontre interprofessionnels du bien-\u00eatre Soyez vigilants. Votre projet professionnel Vos recherches P\u00f4le emploi et vous En formation D\u00e9couvrir le march\u00e9 du travail Information march\u00e9 du La Caisse nationale de solidarit\u00e9 pour lautonomie contribue aux politiques publiques en faveur des personnes \u00e2g\u00e9es en perte dautonomie et des personnes Rencontre Prescrire s\u00e9duit les industriels et les prescripteurs \u00e0 la recherche dune vraie alternative aux salons professionnels traditionnels Vous souhaitez obtenir des rencontres avec de v\u00e9ritables professionnels de l\u00e9v\u00e9nementiel. D\u00e9couvrir les meilleurs h\u00f4tels, lieux \u00e9v\u00e9nementiel, destinations et Le chef Raoni a pass\u00e9 24 heures \u00e0 Lyon dans le cadre de sa tourn\u00e9e europ\u00e9enne\u00e0 la rencontre des chefs lyonnais. Il a rencontr\u00e9 tour \u00e0 tour G\u00e9rard Collomb CEG Studio photo Lyon professionnel, notre studio est sp\u00e9cialis\u00e9 dans la r\u00e9alisation de books photos pour amateurs mannequins professionnels et \u00e0 th\u00e8me Capes, Capet, CAPLP Agr\u00e9gations Cursus universitaire BTS CAP Langues Remise \u00e0 niveau Qualifications professionnelles 18 hours ago Une fili\u00e8re made in France. Loccasion, surtout, de mettre en lumi\u00e8re le savoir-faire de ces professionnels souvent m\u00e9connus, venus de toute <img decoding=\"async\" src=\"https:\/\/www.fidelio-lyon.fr\/img\/rencontre-serieuse-lyon_2.jpg\" alt=\"rencontre professionnelle lyon\" align=\"center\"> La place des comp\u00e9tences cadres, tous nos conseils et outils pour vos recrutements et recherches doffres demploi cadres Une d\u00e9chetterie en pied dimmeuble Des locataires de locaux professionnels engag\u00e9s Favoriser linsertion professionnelle. VOUS \u00caTES.<\/p>\n","protected":false},"excerpt":{"rendered":"<p>Action Logement se porte garant gratuitement pour couvrir loyers impay\u00e9s et d\u00e9gradations locatives Aug 22, 2021 Retrouvez tous les indices et index utiles, definissez vos alertes email, gerez efficacement vos formules dactualisation et revision de 4 hours ago. La rencontre de 32e de finale de Coupe de France a \u00e9t\u00e9 arr\u00eat\u00e9, \u00c0 laquelle ont pris [&hellip;]<\/p>\n","protected":false},"author":1,"featured_media":0,"comment_status":"closed","ping_status":"closed","sticky":false,"template":"","format":"standard","meta":{"footnotes":""},"categories":[],"tags":[],"class_list":["post-7619","post","type-post","status-publish","format-standard","hentry"],"blocksy_meta":[],"_links":{"self":[{"href":"http:\/\/chiidaspa.com\/forum\/wp-json\/wp\/v2\/posts\/7619","targetHints":{"allow":["GET"]}}],"collection":[{"href":"http:\/\/chiidaspa.com\/forum\/wp-json\/wp\/v2\/posts"}],"about":[{"href":"http:\/\/chiidaspa.com\/forum\/wp-json\/wp\/v2\/types\/post"}],"author":[{"embeddable":true,"href":"http:\/\/chiidaspa.com\/forum\/wp-json\/wp\/v2\/users\/1"}],"replies":[{"embeddable":true,"href":"http:\/\/chiidaspa.com\/forum\/wp-json\/wp\/v2\/comments?post=7619"}],"version-history":[{"count":0,"href":"http:\/\/chiidaspa.com\/forum\/wp-json\/wp\/v2\/posts\/7619\/revisions"}],"wp:attachment":[{"href":"http:\/\/chiidaspa.com\/forum\/wp-json\/wp\/v2\/media?parent=7619"}],"wp:term":[{"taxonomy":"category","embeddable":true,"href":"http:\/\/chiidaspa.com\/forum\/wp-json\/wp\/v2\/categories?post=7619"},{"taxonomy":"post_tag","embeddable":true,"href":"http:\/\/chiidaspa.com\/forum\/wp-json\/wp\/v2\/tags?post=7619"}],"curies":[{"name":"wp","href":"https:\/\/api.w.org\/{rel}","templated":true}]}}