{"id":7779,"date":"2022-11-13T18:43:02","date_gmt":"2022-11-13T18:43:02","guid":{"rendered":"http:\/\/chiidaspa.com\/forum\/?p=7779"},"modified":"2022-11-13T18:43:02","modified_gmt":"2022-11-13T18:43:02","slug":"les-rencontres-brel-festival","status":"publish","type":"post","link":"http:\/\/chiidaspa.com\/forum\/les-rencontres-brel-festival\/","title":{"rendered":"Les rencontres brel festival"},"content":{"rendered":"<p>Jan 22, 2022 PROGRAMME DU FESTIVAL TRAVELLING 2022. Travelling rennes. Voir plus darticles 81896. LES RENCONTRES DU CAF\u00c9 LITT\u00c9RAIRE DE RENNES Mar 30, 2021 Le site officiel de ladministration fran\u00e7aise: toutes les d\u00e9marches pour les associations <img decoding=\"async\" src=\"https:\/\/www.placegrenet.fr\/wp-content\/uploads\/2015\/07\/Une-Festival-Brel.jpg\" alt=\"les rencontres brel festival\" align=\"left\"> Musique Concerts: le 6 f\u00e9vrier 2022, Le Noumatrouff, salle de concert, \u00e0 Mulhouse Haut-Rhin, Alsace-horaires, tarifs, renseignements Festival les Rencontres Brel, du 22 au 27 juillet \u00e0 St Pierre de Chartreuse. Cest en hommage au Grand Jacques quil a \u00e9t\u00e9 cr\u00e9\u00e9 il y a 27 ans et depuis Jul 21, 2019 Pr\u00e9c\u00e9demment nomm\u00e9 Les Rencontres Brel avant de changer de nom il y a quelques ann\u00e9es, le festival continue sur sa lanc\u00e9e d\u00e9co-festival Jul 19, 2012 Son reggae. Cest une r\u00e9elle r\u00e9volution artistique que m\u00e8ne Tiken Jah Fakoly, sur son dernier opus. Si le message na pas chang\u00e9 D\u00e9j\u00e0 tr\u00e8s \u00e9pris de chanson, il a commenc\u00e9 tr\u00e8s t\u00f4t \u00e0 \u00e9couter les grands classiques du patrimoine, de L\u00e9o Ferr\u00e9 \u00e0 Jacques Brel. Il apprend seul la guitare et Festival de chanson francophone et de musiques actuelles, les Rencontres Brel sont devenues un \u00e9v\u00e8nement Salvatorenavait rien \u00e0faire\u00e0 ce festival o\u00f9 les plus grands nomsdu jazz avaient lhabitudedese. Brel, je lai rencontr\u00e9 une premi\u00e8re fois en 1958 Festival Le Grand Son Ex Rencontres Brel-Saint Pierre De Chartreuse: L\u00e9cofestival de Chartreuse revient cette ann\u00e9e pour sa 3\u00e8me \u00e9dition sous le nom Jul 17, 2014 Saint-Pierre-de-Chartreuse-Rencontres Brel: festival \u00e0 1000 temps. Certains noms nous parlent, dautres moins Festival du Grand Son-Ex Rencontres Brel. 180719 210719 Saint Festival de musiques actuelles, organis\u00e9 au coeur dun territoire de montagne, \u00e0 900 m\u00e8tres daltitude, les Rencontres Brel r\u00e9unissent chaque ann\u00e9e plus de Apr 15, 2013 du 17 au 21 juillet 2013: les Rencontres Brel \u00e0 St Pierre de Chartreuse. Dimanche 21 juillet: Festival de rue GRATUIT <img decoding=\"async\" src=\"https:\/\/www.dvrgv.org\/PhotosArticles\/2015-07-24-FestivaleDeBrelManuRegleSonMateriel.JPG\" alt=\"les rencontres brel festival\" align=\"left\"> Jul 23, 2016 Mardi 19 juillet: 1er soir du festival Brel qui, au passage, sappellera Le Grand Son d\u00e8s lan prochain avec la brasserie de La Bonne Oct 18, 2020 Chaque \u00e9t\u00e9 \u00e0 Saint-Pierre-de-Chartreuse, et ce depuis 1988, a lieu le festival Les Rencontres Brel. Un \u00e9v\u00e9nement musical qui va continuer Mar 31, 2011 Festival de chansons et musiques actuelles, organis\u00e9 au coeur du massif de la Chartreuse, les Rencontres Brel r\u00e9unissent chaque ann\u00e9e plus Le Grand Son est un festival de chanson fran\u00e7aise \u00e0 St Pierre de Chartreuse en Is\u00e8re Rh\u00f4ne Alpes. Cest lun des grands festivals autour de Grenoble <img decoding=\"async\" src=\"https:\/\/cdn.radiofrance.fr\/s3\/cruiser-production\/2016\/07\/77f6ccaf-cb79-4664-91c6-46d25c848a4f\/860_13413722_1103054556427271_6518773263697605524_n.jpg\" alt=\"les rencontres brel festival\" align=\"center\"> Jul 13, 2017. Anciennement baptis\u00e9 Rencontres Brel. Devenu au fil des an un \u00e9v\u00e9nement culturel majeur en Chartreuse, le festival change de nom et L\u00e9cofestival de Chartreuse revient cette ann\u00e9e pour sa 3\u00e8me \u00e9dition sous le nom le Grand Son pour un grand moment musical en \u00e9t\u00e9 Jul 22, 2012 Pour la deuxi\u00e8me ann\u00e9e cons\u00e9cutive, un groupe de 7 jeunes \u00e2g\u00e9s de 13 \u00e0 16 ans \u00e0 suivi lensemble du festival Rencontres Brel \u00e0 Saint-Pierre Sep 26, 2020 Les Rencontres Brel du 21 au 26 Juillet 2009 Festival de musiques Actuelles 22 Edition 10 concerts gratuits dans les bars et restaurants sur Autour de Nantes. Vendredi dernier, Brigitte de la Brosse est venue \u00e0 la rencontre des \u00e9l\u00e8ves. Baptiste Dubanchet \u00e0 l\u00e9cole Jacques-Brel Jun 25, 2020 FESTIVAL Saint-Pierre-de-Chartreuse: toute la programmation des 27e Rencontres Brel Votre adresse \u00e9lectronique est uniquement destin\u00e9e \u00e0 Jun 14, 2019 Le festival Le Grand son anciennement Les Rencontres Brel se tient depuis plus de 30 ans \u00e0 Saint-Pierre-de-Chartreuse, en Is\u00e8re.<\/p>\n","protected":false},"excerpt":{"rendered":"<p>Jan 22, 2022 PROGRAMME DU FESTIVAL TRAVELLING 2022. Travelling rennes. Voir plus darticles 81896. LES RENCONTRES DU CAF\u00c9 LITT\u00c9RAIRE DE RENNES Mar 30, 2021 Le site officiel de ladministration fran\u00e7aise: toutes les d\u00e9marches pour les associations Musique Concerts: le 6 f\u00e9vrier 2022, Le Noumatrouff, salle de concert, \u00e0 Mulhouse Haut-Rhin, Alsace-horaires, tarifs, renseignements Festival les [&hellip;]<\/p>\n","protected":false},"author":1,"featured_media":0,"comment_status":"closed","ping_status":"closed","sticky":false,"template":"","format":"standard","meta":{"footnotes":""},"categories":[],"tags":[],"class_list":["post-7779","post","type-post","status-publish","format-standard","hentry"],"blocksy_meta":[],"_links":{"self":[{"href":"http:\/\/chiidaspa.com\/forum\/wp-json\/wp\/v2\/posts\/7779","targetHints":{"allow":["GET"]}}],"collection":[{"href":"http:\/\/chiidaspa.com\/forum\/wp-json\/wp\/v2\/posts"}],"about":[{"href":"http:\/\/chiidaspa.com\/forum\/wp-json\/wp\/v2\/types\/post"}],"author":[{"embeddable":true,"href":"http:\/\/chiidaspa.com\/forum\/wp-json\/wp\/v2\/users\/1"}],"replies":[{"embeddable":true,"href":"http:\/\/chiidaspa.com\/forum\/wp-json\/wp\/v2\/comments?post=7779"}],"version-history":[{"count":0,"href":"http:\/\/chiidaspa.com\/forum\/wp-json\/wp\/v2\/posts\/7779\/revisions"}],"wp:attachment":[{"href":"http:\/\/chiidaspa.com\/forum\/wp-json\/wp\/v2\/media?parent=7779"}],"wp:term":[{"taxonomy":"category","embeddable":true,"href":"http:\/\/chiidaspa.com\/forum\/wp-json\/wp\/v2\/categories?post=7779"},{"taxonomy":"post_tag","embeddable":true,"href":"http:\/\/chiidaspa.com\/forum\/wp-json\/wp\/v2\/tags?post=7779"}],"curies":[{"name":"wp","href":"https:\/\/api.w.org\/{rel}","templated":true}]}}