{"id":7981,"date":"2022-11-13T18:58:27","date_gmt":"2022-11-13T18:58:27","guid":{"rendered":"http:\/\/chiidaspa.com\/forum\/?p=7981"},"modified":"2022-11-13T18:58:27","modified_gmt":"2022-11-13T18:58:27","slug":"rencontre-tf1","status":"publish","type":"post","link":"http:\/\/chiidaspa.com\/forum\/rencontre-tf1\/","title":{"rendered":"Rencontre tf1"},"content":{"rendered":"<p>Apr 12, 2018 VID\u00c9O. Pas dannonce, mais de la p\u00e9dagogie et un volontarisme mis en sc\u00e8ne: face \u00e0 Jean-Pierre Pernaut, le pr\u00e9sident de la R\u00e9publique a Oct 23, 2014 Le reportage de TF1 a rencontr\u00e9 certains de ces enfants et Jean-Marie Cuminal, pr\u00e9sident de lassociation de Valloires, g\u00e9rant \u00e0 la fois la T\u00e9l\u00e9vision fran\u00e7aise 1, plus connue sous son sigle TF1 et couramment appel\u00e9 La Une, TF1 victime dun probl\u00e8me technique: ces nombreux bugs d\u00e9j\u00e0 rencontr\u00e9s TV \u00c9diteur: e-TF1-infos l\u00e9gales sur https: t. CoeAo6PQiU5o RespectZone. Pour avoir suivi le nageur de lextr\u00eame St\u00e8ve Stievenart une rencontre Nov 19, 2020 La Vigie Radio: Rencontre avec Elsa Fayer: aux commandes de 10 couples Parfaits Cest lun des visages histor Sep 15, 2016 Le casting du grand jeu visuel de TF1 vient \u00e0 votre rencontre. Une belle somme dargent lors dun prime exceptionnel sur TF1 <img decoding=\"async\" src=\"http:\/\/cdn.programme-television.org\/var\/premiere\/storage\/images\/tele-7-jours\/news-tv\/programme-tv-traques-tf1-premier-role-a-la-television-pour-jenifer-4576796\/94308527-1-fre-FR\/Programme-TV-Traques-TF1-Premier-role-a-la-television-pour-Jenifer_news_full.jpg\" alt=\"rencontre tf1\" align=\"center\"> <img decoding=\"async\" src=\"https:\/\/icisete.fr\/wp-content\/uploads\/2021\/08\/Rencontre-avec-les-acteurs-de-la-serie-DNA-de-TF1-001.jpg\" alt=\"rencontre tf1\" align=\"center\"> SOS villages propose avec le JT de 13h, une op\u00e9ration solidaire pour mettre en relation des repreneurs et des commer\u00e7antes de tous les villages de France Le vendredi 9 octobre, l\u00e9quipe de l\u00e9mission Zoom sur de TF1 est venue r\u00e9aliser un reportage sur le Bassin de Thau. Au coeur de sujet: la lagune En effet, e-TF1, filiale du groupe TF1 qui regroupe toutes les activit\u00e9s Internet et Vid\u00e9o \u00e0 la Demande du groupe, est dirig\u00e9e par Olivier Abecassis <img decoding=\"async\" src=\"https:\/\/www.toutelatele.com\/IMG\/arton66909.jpg\" alt=\"rencontre tf1\" align=\"left\"> Il est le premier capitaine de M\u00e9diatiks, le concours acad\u00e9mique des m\u00e9dias scolaires et lyc\u00e9ens en France. Juste 2 days ago Pr\u00e9sident ou candidat. La question d\u00e9cha\u00eene les adversaires et les soutiens dEmmanuel Macron, qui donne un long entretien-bilan \u00e0 TF1 ce Jun 20, 2014 Le 25 avril 2014 notre Master a \u00e9t\u00e9 re\u00e7u dans les bureaux de TF1 afin de suivre une journ\u00e9e dinformation sur les carri\u00e8res juridiques 5 days ago Le mariage de ses parentes est un exemple pour Ambre Dol. Puis, le p\u00e8re dAmbre revient sur le premier soir o\u00f9 il a rencontr\u00e9 sa femme. Il lui a Jun 1, 2021 O\u00f9 suivre les matches des Bleus. Les cha\u00eenes TF1 et M6 se sont r\u00e9parti les rencontres de l\u00e9quipe de France. Le premier match des hommes de Ici tout commence: TF1 propose aux fans de rencontrer leur acteurs pr\u00e9f\u00e9r\u00e9s lors dun grand \u00e9v\u00e9nement. Le 12102021 \u00e0 17: 44 par Claire Lavarenne Apr 9, 2020. \u00c0 la rencontre de Carine, la dame des c\u0153urs, samedi 11 avril sur TF1. Soir\u00e9es-rencontres de c\u00e9libataires organis\u00e9es par la coiffeuse 1 day ago Grand oral de Macron sur TF1, peuple de gauche et tourn\u00e9e: Fran\u00e7ois. Sa rencontre avec les Fran\u00e7ais \u00e0 loccasion de ses s\u00e9ances de Dec 8, 2021 Laurent et Sam, deux des aventuriers de l\u00e9mission de TF1 Koh-Lanta la l\u00e9gende, ont rencontr\u00e9 leurs fans \u00e0 Vannes, ce mercredi Feb 11, 2021 Un grand merci \u00e0 TF1 pour ce moment \u00e0 Belcastel. Pour visualiser la vid\u00e9o sur le site MyTf1, cliquer ici afin de d\u00e9couvrir le reportage sur Le premier \u00e9v\u00e9nement aura lieu mercredi 20 octobre \u00e0 TF1 et accueillera du public pour une rencontre avec les grands reporters, Liseron Boudoul 2 days ago Linterview dEmmanuel Macron diffus\u00e9e sur TF1 et LCI mercredi soir a rassembl\u00e9 4, 2 millions de t\u00e9l\u00e9spectateurs, selon les donn\u00e9es publi\u00e9es.<\/p>\n","protected":false},"excerpt":{"rendered":"<p>Apr 12, 2018 VID\u00c9O. Pas dannonce, mais de la p\u00e9dagogie et un volontarisme mis en sc\u00e8ne: face \u00e0 Jean-Pierre Pernaut, le pr\u00e9sident de la R\u00e9publique a Oct 23, 2014 Le reportage de TF1 a rencontr\u00e9 certains de ces enfants et Jean-Marie Cuminal, pr\u00e9sident de lassociation de Valloires, g\u00e9rant \u00e0 la fois la T\u00e9l\u00e9vision fran\u00e7aise 1, [&hellip;]<\/p>\n","protected":false},"author":1,"featured_media":0,"comment_status":"closed","ping_status":"closed","sticky":false,"template":"","format":"standard","meta":{"footnotes":""},"categories":[],"tags":[],"class_list":["post-7981","post","type-post","status-publish","format-standard","hentry"],"blocksy_meta":[],"_links":{"self":[{"href":"http:\/\/chiidaspa.com\/forum\/wp-json\/wp\/v2\/posts\/7981","targetHints":{"allow":["GET"]}}],"collection":[{"href":"http:\/\/chiidaspa.com\/forum\/wp-json\/wp\/v2\/posts"}],"about":[{"href":"http:\/\/chiidaspa.com\/forum\/wp-json\/wp\/v2\/types\/post"}],"author":[{"embeddable":true,"href":"http:\/\/chiidaspa.com\/forum\/wp-json\/wp\/v2\/users\/1"}],"replies":[{"embeddable":true,"href":"http:\/\/chiidaspa.com\/forum\/wp-json\/wp\/v2\/comments?post=7981"}],"version-history":[{"count":0,"href":"http:\/\/chiidaspa.com\/forum\/wp-json\/wp\/v2\/posts\/7981\/revisions"}],"wp:attachment":[{"href":"http:\/\/chiidaspa.com\/forum\/wp-json\/wp\/v2\/media?parent=7981"}],"wp:term":[{"taxonomy":"category","embeddable":true,"href":"http:\/\/chiidaspa.com\/forum\/wp-json\/wp\/v2\/categories?post=7981"},{"taxonomy":"post_tag","embeddable":true,"href":"http:\/\/chiidaspa.com\/forum\/wp-json\/wp\/v2\/tags?post=7981"}],"curies":[{"name":"wp","href":"https:\/\/api.w.org\/{rel}","templated":true}]}}