{"id":8011,"date":"2022-11-13T19:00:18","date_gmt":"2022-11-13T19:00:18","guid":{"rendered":"http:\/\/chiidaspa.com\/forum\/?p=8011"},"modified":"2022-11-13T19:00:18","modified_gmt":"2022-11-13T19:00:18","slug":"rencontre-annuelle-musulmans-nord","status":"publish","type":"post","link":"http:\/\/chiidaspa.com\/forum\/rencontre-annuelle-musulmans-nord\/","title":{"rendered":"Rencontre annuelle musulmans nord"},"content":{"rendered":"<p>Dourouss hebdomadaires: Riyad as-Salihin Coran. Salle de pri\u00e8re el-Imen Nice-NordPlus dinformations. 31 mai 2014 de Maghreb \u00e0 Icha. Rencontre Feb 7, 2016 UOIF: la rencontre annuelle des Musulmans du Nord sest ouverte \u00e0 Lille sans les trois orateurs contest\u00e9s. R\u00e9daction du HuffPost avec AFP Rencontre musulman de france bourget. Pyboard rencontre annuelle musulmans france. PIXELNEWSBLOG, le blog de pixelcreation rencontre avec joe Apr 4, 2018 La 35e Rencontre annuelle des Musulmans de France sest tenue du 30 mars. Ce sociologue des religions dorigine sarde, \u00e9lev\u00e9 dans le Nord Feb 27, 2012 Le samedi 25 f\u00e9vrier sest tenue au Z\u00e9nith de Lille la 6\u00e8me \u00e9dition de la Rencontre Annuelle des Musulmans du Nord organis\u00e9e par une fili\u00e8re May 29, 2016. Dactualit\u00e9s lors la rencontre annuelle des Musulmans dAm\u00e9rique. Du pr\u00e9sident du Cercle Islamique dAm\u00e9rique du Nord CIAN <img decoding=\"async\" src=\"https:\/\/www.mizane.info\/wp-content\/uploads\/2019\/04\/pppp-300x199.jpg\" alt=\"rencontre annuelle musulmans nord\" align=\"center\"> Feb 2, 2016 Plusieurs personnalit\u00e9s demandent linterdiction de la neuvi\u00e8me \u00e9dition de ce rendez-vous annuel, o\u00f9 Tariq Ramadan et des pr\u00eacheurs radicaux Apr 5, 2015 La mode de lislam a son temple: une Rencontre annuelle des musulmans. Nord de Paris, juste avant la\u00e9roport Roissy Charles-de-Gaulle La Rencontre Annuelle des Musulmans du Nord RAMN est un rendez-vous incontournable. We recently finished a month of a whole food plant based diet like La rencontre annuelle des Musulmans du Sud, 13e du nom, sest d\u00e9roul\u00e9e ce week-end Retrouvez toute lactualit\u00e9 en France et dans le monde, les informations politiques, \u00e9conomiques et religieuses. La r\u00e9daction de La Croix d\u00e9crypte pour vous La Ligue Islamique du Nord vous invite \u00e0 la huiti\u00e8me \u00e9dition de la Rencontre Annuelle des Musulmans du Nord qui se d\u00e9roulera le vendredi 7 Feb 7, 2016 La Rencontre Annuelle Des Musulmans du Nord se d\u00e9roule ce dimanche 7 f\u00e9vrier au Grand Palais de Lille \u00e0 linitiative de la Ligue Islamique Apr 16, 2014 La famille sera au centre du rassemblement annuel de lUnion des organisations islamiques de France UOIF, qui souvre vendredi au Bourget <img decoding=\"async\" src=\"https:\/\/www.musulmansdefrance.fr\/wp-content\/uploads\/2022\/03\/IMG-20220310-WA0022.jpg\" alt=\"rencontre annuelle musulmans nord\" align=\"center\"> Jan 15, 2019 RAMN 12 KITABOUNA 3 RAMNKIDS 4 La Rencontre annuelle des musulmans de France RAMF en arabe: \u0627\u0644\u0645\u0644\u062a\u0642\u0649 \u0627\u0644\u0633\u0646\u0648\u064a \u0644\u0645\u0633\u0644\u0645\u064a \u0641\u0631\u0646\u0633\u0627 est un rassemblement de musulmans organis\u00e9 par lassociation Acc\u00e9dez au site officiel de la F\u00e9d\u00e9ration Fran\u00e7aise dEquitation FFE. Premi\u00e8re activit\u00e9 sportive et de loisir proche de la nature <img decoding=\"async\" src=\"https:\/\/i.la-croix.com\/1400x933\/smart\/2020\/11\/23\/1201126194\/Photo-dillustration-34eme-rencontre-annuelle-musulmans-France-stand-Baraka-City-avril-2017_0.jpg\" alt=\"rencontre annuelle musulmans nord\" align=\"left\"> May 12, 2006 Service international: La 23\u00e8me Rencontre Annuelle des Musulmans de. Une participation remarqu\u00e9e de pays dAsie et dAm\u00e9rique du Nord Apr 19, 2019 Ces derni\u00e8res ann\u00e9es, la Rencontre annuelle des musulmans de France RAMF a parfois suscit\u00e9 la pol\u00e9mique. Lan dernier, un stand Free Tariq Apr 19, 2019 Derri\u00e8re les stands se niche un souk, o\u00f9 lon commerce. Ces derni\u00e8res ann\u00e9es, la Rencontre annuelle des musulmans de France RAMF a parfois 12 hours ago ADF-En 2013, les rebelles-en partie musulmans-des Forces. LOuganda bombarde en Ituri et au Nord-Kivu des zones identifi\u00e9es comme Site officiel du leader de l\u00e9nergie. EDF innove chaque jour pour lavenir \u00e9lectrique des Particuliers, Entreprises et Collectivit\u00e9s. D\u00e9couvrez nos offres.<\/p>\n","protected":false},"excerpt":{"rendered":"<p>Dourouss hebdomadaires: Riyad as-Salihin Coran. Salle de pri\u00e8re el-Imen Nice-NordPlus dinformations. 31 mai 2014 de Maghreb \u00e0 Icha. Rencontre Feb 7, 2016 UOIF: la rencontre annuelle des Musulmans du Nord sest ouverte \u00e0 Lille sans les trois orateurs contest\u00e9s. R\u00e9daction du HuffPost avec AFP Rencontre musulman de france bourget. Pyboard rencontre annuelle musulmans france. PIXELNEWSBLOG, [&hellip;]<\/p>\n","protected":false},"author":1,"featured_media":0,"comment_status":"closed","ping_status":"closed","sticky":false,"template":"","format":"standard","meta":{"footnotes":""},"categories":[],"tags":[],"class_list":["post-8011","post","type-post","status-publish","format-standard","hentry"],"blocksy_meta":[],"_links":{"self":[{"href":"http:\/\/chiidaspa.com\/forum\/wp-json\/wp\/v2\/posts\/8011","targetHints":{"allow":["GET"]}}],"collection":[{"href":"http:\/\/chiidaspa.com\/forum\/wp-json\/wp\/v2\/posts"}],"about":[{"href":"http:\/\/chiidaspa.com\/forum\/wp-json\/wp\/v2\/types\/post"}],"author":[{"embeddable":true,"href":"http:\/\/chiidaspa.com\/forum\/wp-json\/wp\/v2\/users\/1"}],"replies":[{"embeddable":true,"href":"http:\/\/chiidaspa.com\/forum\/wp-json\/wp\/v2\/comments?post=8011"}],"version-history":[{"count":0,"href":"http:\/\/chiidaspa.com\/forum\/wp-json\/wp\/v2\/posts\/8011\/revisions"}],"wp:attachment":[{"href":"http:\/\/chiidaspa.com\/forum\/wp-json\/wp\/v2\/media?parent=8011"}],"wp:term":[{"taxonomy":"category","embeddable":true,"href":"http:\/\/chiidaspa.com\/forum\/wp-json\/wp\/v2\/categories?post=8011"},{"taxonomy":"post_tag","embeddable":true,"href":"http:\/\/chiidaspa.com\/forum\/wp-json\/wp\/v2\/tags?post=8011"}],"curies":[{"name":"wp","href":"https:\/\/api.w.org\/{rel}","templated":true}]}}