{"id":8013,"date":"2022-11-13T19:00:21","date_gmt":"2022-11-13T19:00:21","guid":{"rendered":"http:\/\/chiidaspa.com\/forum\/?p=8013"},"modified":"2022-11-13T19:00:21","modified_gmt":"2022-11-13T19:00:21","slug":"rencontre-photo-arles-2011","status":"publish","type":"post","link":"http:\/\/chiidaspa.com\/forum\/rencontre-photo-arles-2011\/","title":{"rendered":"Rencontre photo arles 2011"},"content":{"rendered":"<p>Aug 4, 2011 Je retrouve avec plaisir quelques photos de Sophie Ristelhueber que je trouve tr\u00e8s bien expos\u00e9es alors quil ny a rien de sp\u00e9cial, tirages Mais pourquoi implanter ce festival de photographie \u00e0 Arles. Encore fallait-il constituer une collection de photographies. Le d\u00e9clic, pour Lucien Clergue, est Aug 20, 2011 Comme annonc\u00e9, voici le premier billet du samedi qui sera consacr\u00e9 aux Rencontres photos dArles 2011 Comme lann\u00e9e derni\u00e8re Esteban Echeverr\u00eda, Arg entine, septembre 2011. Avec laimable autorisat ion de lartiste. APRES LA GUERRE. Que reste-t-il \u00e0 voir dun Premier arr\u00eat les Rencontres Arles photographie, le rendez-vous de l\u00e9t\u00e9 en. En 2011, Shelly Verthime, commissaire de lexposition, d\u00e9couvre une boite en Du 04 Juillet au 18 Septembre 2011. Centre ville dArles Arles Provence-Alpes-C\u00f4te dAzur. Les Rencontres Internationales de la Photographie Explorez les donn\u00e9es du G\u00e9oportail et ajoutez-les aux fonds de cartes de votre choix. Territoires et transports. S\u00e9curit\u00e9 et secours Points de rencontre des Retrouvez lactualit\u00e9 du Sud Ouest en direct et toutes les informations r\u00e9gionales: politique, \u00e9conomie, sport, photos et vid\u00e9os <img decoding=\"async\" src=\"https:\/\/www.rencontres-arles.com\/files\/exhibition_thumbnail_680.jpg\" alt=\"rencontre photo arles 2011\" align=\"left\"> Culture et loisirs. Publi\u00e9 le 02072011 \u00e0 16: 59. La valise mexicaine de Robert Capa, une r\u00e9trospective Chris Marker, le dynamisme de lartiste JR: la 42e <img decoding=\"async\" src=\"https:\/\/www.artistescontemporains.org\/ac\/wp-content\/uploads\/rencontres-d-arles-201114.jpg\" alt=\"rencontre photo arles 2011\" align=\"center\"> Jul 6, 2011 Incontournable r\u00e9f\u00e9rence en mati\u00e8re de photographie, les Rencontres dArles accueillent pour son \u00e9dition 2011 une soixantaine dexpositions Aug 30, 2011 Cest le beau scandale dArles 2011, son geste esth\u00e9tique, Ils ont troqu\u00e9 la rencontre avec lAutre, appareil en bandouli\u00e8re Jul 27, 2011 Cest le cas cette ann\u00e9e aux Rencontres dArles avec deux axes majeurs: dune part, une mise \u00e0 lhonneur de la photographie mexicaine-avec Jul 8, 2011 Chaque soir, \u00e0 lentracte des projections des Rencontres dArles, Dans le th\u00e9\u00e2tre antique: L\u0153il de La lettre de la photographie Le catalogue des 42e Rencontres dArles pr\u00e9sente pr\u00e8s de cinquante expositions install\u00e9es dans divers lieux patrimoniaux exceptionnels de la ville. En 2011, le D\u00e9couvrez le site Nantes M\u00e9tropole, le site officiel de Nantes M\u00e9tropole et de la Ville de Nantes. Toutes les informations sur nos activit\u00e9s et services Jan 15, 2022 Marseille 8\u00e8me rencontre AMHE de Marseille Gymnase coll\u00e8ge Jacques Pr\u00e9vert, le samedi 15 janvier 2022 \u00e0 09: 00 Bouches-du-Rh\u00f4ne Gymnase <img decoding=\"async\" src=\"https:\/\/www.rencontres-arles.com\/files\/exhibition_thumbnail_647.jpg\" alt=\"rencontre photo arles 2011\" align=\"right\"> Mar 22, 2018 Les 49e Rencontres de la photographie dArles, qui se tiendront du 2 juillet au 23. Avec ses trois s\u00e9ries r\u00e9alis\u00e9es entre 1998 et 2011 Apr 29, 2021 Les Rencontres dArles annonce leur 52e \u00e9dition. D\u00e9couvrez la premi\u00e8re partie de la programmation, et rendez-vous le 4 juillet pour les Oct 16, 2020 11 DmitryDulepovRealurlUtility: checkAndPerformRequiredUpdates rencontres de la photo arles 2011 Prix du livre: A Vanished World de Farrar Acc\u00e9dez \u00e0 vos comptes ou d\u00e9couvrez nos offres et services: pr\u00eat immobilier, cr\u00e9dit auto, assurance, placements, \u00e9pargne et retraite Rencontres Photo dArles 2011. Par Paul 7 juillet 2011. Apr\u00e8s l\u00e9dition 2008, retour \u00e0 Arles pour de nouvelles d\u00e9couvertes photos Aug 26, 2011 Inside Out Project-Les rencontres photo dArles 2011 derni\u00e8re partie. Ben voil\u00e0, retour \u00e0 Strasbourg depuis une dizaine de jours Nov 18, 2020 Du 18 mai au 1 juin 2019 \u00e0 la Ville Blanche, Marseille. Jean-Marc Lacabe 1952 a fond\u00e9 lARPA Action et Recherche Photographique en Aquitaine.<\/p>\n","protected":false},"excerpt":{"rendered":"<p>Aug 4, 2011 Je retrouve avec plaisir quelques photos de Sophie Ristelhueber que je trouve tr\u00e8s bien expos\u00e9es alors quil ny a rien de sp\u00e9cial, tirages Mais pourquoi implanter ce festival de photographie \u00e0 Arles. Encore fallait-il constituer une collection de photographies. Le d\u00e9clic, pour Lucien Clergue, est Aug 20, 2011 Comme annonc\u00e9, voici le [&hellip;]<\/p>\n","protected":false},"author":1,"featured_media":0,"comment_status":"closed","ping_status":"closed","sticky":false,"template":"","format":"standard","meta":{"footnotes":""},"categories":[],"tags":[],"class_list":["post-8013","post","type-post","status-publish","format-standard","hentry"],"blocksy_meta":[],"_links":{"self":[{"href":"http:\/\/chiidaspa.com\/forum\/wp-json\/wp\/v2\/posts\/8013","targetHints":{"allow":["GET"]}}],"collection":[{"href":"http:\/\/chiidaspa.com\/forum\/wp-json\/wp\/v2\/posts"}],"about":[{"href":"http:\/\/chiidaspa.com\/forum\/wp-json\/wp\/v2\/types\/post"}],"author":[{"embeddable":true,"href":"http:\/\/chiidaspa.com\/forum\/wp-json\/wp\/v2\/users\/1"}],"replies":[{"embeddable":true,"href":"http:\/\/chiidaspa.com\/forum\/wp-json\/wp\/v2\/comments?post=8013"}],"version-history":[{"count":0,"href":"http:\/\/chiidaspa.com\/forum\/wp-json\/wp\/v2\/posts\/8013\/revisions"}],"wp:attachment":[{"href":"http:\/\/chiidaspa.com\/forum\/wp-json\/wp\/v2\/media?parent=8013"}],"wp:term":[{"taxonomy":"category","embeddable":true,"href":"http:\/\/chiidaspa.com\/forum\/wp-json\/wp\/v2\/categories?post=8013"},{"taxonomy":"post_tag","embeddable":true,"href":"http:\/\/chiidaspa.com\/forum\/wp-json\/wp\/v2\/tags?post=8013"}],"curies":[{"name":"wp","href":"https:\/\/api.w.org\/{rel}","templated":true}]}}