{"id":8066,"date":"2022-11-13T19:04:13","date_gmt":"2022-11-13T19:04:13","guid":{"rendered":"http:\/\/chiidaspa.com\/forum\/?p=8066"},"modified":"2022-11-13T19:04:13","modified_gmt":"2022-11-13T19:04:13","slug":"rencontres-d-arles-rentree-en-images","status":"publish","type":"post","link":"http:\/\/chiidaspa.com\/forum\/rencontres-d-arles-rentree-en-images\/","title":{"rendered":"Rencontres d arles rentr\u00e9e en images"},"content":{"rendered":"<p>Et dans les magasins de jouets La Grande R\u00e9cr\u00e9 tous les jouets pour filles et gar\u00e7ons. Un des plus beaux catalogue de jouets et de jeux, \u00e0 acheter en ligne <img decoding=\"async\" src=\"https:\/\/lyceesaintemarie.org\/wp-content\/uploads\/2015\/03\/IMG_0478.jpg\" alt=\"rencontres d arles rentr\u00e9e en images\" align=\"center\"> Rentr\u00e9e en Images 2017 \u00c9cole Maternelle Jeanne Geraud, classe de Moyenne section, Arles. Exposition Jean Dubuffet, loutil photographe, Atelier des <img decoding=\"async\" src=\"https:\/\/www.claudinecolin.com\/fr\/673-les-rencontres-d-arles-rentree-en-images\/documents\/images\/mg-1104-web.jpg\" alt=\"rencontres d arles rentr\u00e9e en images\" align=\"right\"> Sep 6, 2012 Les Rencontres de la photographie dArles lance un nouveau jeu \u00e9ducatif. De limage, dans le cadre de lop\u00e9ration une rentr\u00e9e en images Jun 27, 2020 Le directeur artistique de Paris Photo succ\u00e8de \u00e0 Sam Stourdz\u00e9 \u00e0 la t\u00eate du grand festival de photographie, dont Le Point est partenaire Sep 6, 2021. On d\u00e9bute l\u00e9t\u00e9 aux Rencontres dArles, la rentr\u00e9e se d\u00e9roule g\u00e9n\u00e9ralement \u00e0 Perpignan, \u00e0 loccasion du festival Visa pour limage Oct 9, 2021 Les Rencontres photographiques dArles, dont je vous ai. Il sest prononc\u00e9 contre les visites d\u00e9l\u00e8ves \u00e0 la rentr\u00e9e de septembre Depuis cinquante ans, les Rencontres dArles r\u00e9unissent les plus. Rentr\u00e9e en Images \u00e9v\u00e9nement qui consiste \u00e0 accueillir traditionnellement chaque ann\u00e9e Sep 16, 2019 Durant les Rencontres de la photographie \u00e0 Arles et dans le cadre de la Rentr\u00e9e en image, les \u00e9l\u00e8ves latinistes des trois niveaux D\u00e9couvrez sur decitre. Fr Les rencontres dArles photographie 2010-Du. 320 classes et 10000 \u00e9l\u00e8ves attendus pour la Rentr\u00e9e en Images en septembre Apr 20, 2019 Les rencontres de la photographie dArles organisent depuis 15 ans des animations pour les scolaires dans le cadre de la Rentr\u00e9e en Images Jan 21, 2014 Maison du Geste et de lImage 42 rue Saint-Denis 75001 Paris le 30. La SFP sera pr\u00e9sente aux Rencontres dArles 2012 qui d\u00e9buteront au Le site puise ces r\u00e9f\u00e9rences dans limage photographique artistique, gr\u00e2ce notamment aux Rencontres dArles, lune des structures culturelles nationale de Jun 30, 2016 En compl\u00e9ment des expositions du festival, les Rencontres de la Photographie, Arles 2016 proposent au fil de l\u00e9t\u00e9 un dense programme de et dans les magasins de jouets La Grande R\u00e9cr\u00e9 tous les jouets pour filles et gar\u00e7ons. Un des plus beaux catalogue de jouets et de jeux, \u00e0 acheter en ligne Jul 4, 2021 Apr\u00e8s une ann\u00e9e blanche en 2020, sans exposition, l\u00e9dition 2021 des Rencontres de la photographie dArles va, de nouveau, faire entrer la Aug 8, 2021 Directrice adjointe des Rencontres dArles. Depuis plus de 15 ans, la Rentr\u00e9e en images accueille 10. 000 \u00e9l\u00e8ves de France dans des La Rentr\u00e9e en Images Fond\u00e9e \u00e0 Arles en 1982, l\u00c9cole nationale sup\u00e9rieure de la photographie. Images contemporaines, lENSP Arles est \u00e9galement un espace de rencontres et de Dans le cadre du festival des Rencontres internationales de la photographie dArles, l\u00e9v\u00e9nement Une Rentr\u00e9e en. Images propose de participer \u00e0 une Sep 10, 2018 Les diff\u00e9rents ateliers et activit\u00e9s aux Rencontres dArles ou en classe ont plusieurs objectifs: Apprendre lhistoire de la photographie pour Jul 1, 2013 La 44e \u00e9dition des Rencontres de la photographie dArles permet de. Ans \u00e0 travers la Rentr\u00e9e en images et de nombreux autres programmes <img decoding=\"async\" src=\"https:\/\/www.arles-info.fr\/wp-content\/uploads\/2016\/09\/20160903103352-18fdcd31-me-232x116.jpg\" alt=\"rencontres d arles rentr\u00e9e en images\" align=\"left\"> Les \u00e9l\u00e8ves des 1\u00e8res Bac Pro EDPI et ESTHETIQUE ont cette ann\u00e9e encore rendez-vous avec les c\u00e9l\u00e8bres Rencontres Photographiques dArles, le vendredi 21 EcoleDirecte: Bienvenue sur le site internet Ecole Directe. Espace famille, \u00e9l\u00e8ve, personnel, enseignant.<\/p>\n","protected":false},"excerpt":{"rendered":"<p>Et dans les magasins de jouets La Grande R\u00e9cr\u00e9 tous les jouets pour filles et gar\u00e7ons. Un des plus beaux catalogue de jouets et de jeux, \u00e0 acheter en ligne Rentr\u00e9e en Images 2017 \u00c9cole Maternelle Jeanne Geraud, classe de Moyenne section, Arles. Exposition Jean Dubuffet, loutil photographe, Atelier des Sep 6, 2012 Les Rencontres [&hellip;]<\/p>\n","protected":false},"author":1,"featured_media":0,"comment_status":"closed","ping_status":"closed","sticky":false,"template":"","format":"standard","meta":{"footnotes":""},"categories":[],"tags":[],"class_list":["post-8066","post","type-post","status-publish","format-standard","hentry"],"blocksy_meta":[],"_links":{"self":[{"href":"http:\/\/chiidaspa.com\/forum\/wp-json\/wp\/v2\/posts\/8066","targetHints":{"allow":["GET"]}}],"collection":[{"href":"http:\/\/chiidaspa.com\/forum\/wp-json\/wp\/v2\/posts"}],"about":[{"href":"http:\/\/chiidaspa.com\/forum\/wp-json\/wp\/v2\/types\/post"}],"author":[{"embeddable":true,"href":"http:\/\/chiidaspa.com\/forum\/wp-json\/wp\/v2\/users\/1"}],"replies":[{"embeddable":true,"href":"http:\/\/chiidaspa.com\/forum\/wp-json\/wp\/v2\/comments?post=8066"}],"version-history":[{"count":0,"href":"http:\/\/chiidaspa.com\/forum\/wp-json\/wp\/v2\/posts\/8066\/revisions"}],"wp:attachment":[{"href":"http:\/\/chiidaspa.com\/forum\/wp-json\/wp\/v2\/media?parent=8066"}],"wp:term":[{"taxonomy":"category","embeddable":true,"href":"http:\/\/chiidaspa.com\/forum\/wp-json\/wp\/v2\/categories?post=8066"},{"taxonomy":"post_tag","embeddable":true,"href":"http:\/\/chiidaspa.com\/forum\/wp-json\/wp\/v2\/tags?post=8066"}],"curies":[{"name":"wp","href":"https:\/\/api.w.org\/{rel}","templated":true}]}}