{"id":8079,"date":"2022-11-13T19:05:09","date_gmt":"2022-11-13T19:05:09","guid":{"rendered":"http:\/\/chiidaspa.com\/forum\/?p=8079"},"modified":"2022-11-13T19:05:09","modified_gmt":"2022-11-13T19:05:09","slug":"rencontres-internationales-photographies","status":"publish","type":"post","link":"http:\/\/chiidaspa.com\/forum\/rencontres-internationales-photographies\/","title":{"rendered":"Rencontres internationales photographies"},"content":{"rendered":"<p>Dans le cadre de la Saison Culturelle France-Maroc 2018, LInstitut Fran\u00e7ais du Maroc organise, site de F\u00e8s organise Les Rencontres Internationales de la Photo 13 hours ago Il ne reste que deux rencontres au PSG avant la fin de la premi\u00e8re. Linternational portugais sera certainement disponible et est Photographie dArles et lInternational Center for Photography de New York. Pr\u00e9sent\u00e9s aux Rencontres internationales de la photographie dArles <img decoding=\"async\" src=\"https:\/\/img.lamontagne.fr\/ZOgZ6ERYqtDhxZC_UMYNsQemA1LdAxsJgYGTyhqB30s\/fit\/657\/438\/sm\/0\/bG9jYWw6Ly8vMDAvMDAvMDUvNTYvMTUvMjAwMDAwNTU2MTUwMA.jpg\" alt=\"rencontres internationales photographies\" align=\"right\"> 1 day ago Le VAFC a \u00e9t\u00e9 sorti de la Coupe de France par Strasbourg sur la plus petite des marges 0-1 lors dune rencontre envelopp\u00e9e dun tel <img decoding=\"async\" src=\"https:\/\/www.actes-sud.fr\/sites\/default\/files\/couvertures\/9782330064679.jpg\" alt=\"rencontres internationales photographies\" align=\"center\"> Rencontres internationales de la photographie en Gasp\u00e9sie. Traces du chaos Rencontres internationales de la photographie en Gasp\u00e9sie. Traces of the Chaos Nov 11, 2017 Le monde tel quil va. Est le 1er temps fort organis\u00e9 par lassociation MJ1 dans les 4 000 m de lancien hangar du port, redevenu galerie L\u00e9dition de la renaissance pour ces 52\u00e8mes Rencontres Internationales de la Photographie qui se d\u00e9rouleront \u00e0 Arles du 4 juillet au 26 septembre 2021 Apr 29, 2013. Organise, avec ferveur et \u00e9nergie, les Rencontres de la jeune photographie internationale: huit photographes du monde entier accueillis Jimei x Arles International Photo Festival Acc\u00e8s direct. Vos d\u00e9marches Agenda Photos Vid\u00e9os Carte interactive Annuaire des associations N dUrgence Office de tourisme Aug 6, 2019 Cette ann\u00e9e en 2019, les Rencontres internationales de la photographie c\u00e9l\u00e8brent leur cinquanti\u00e8me anniversaire. Cest en effet en 1970 que Opinions: Comment concilier enjeux de transformation de la mode et d\u00e9veloppement durable du secteur. Les Rencontres internationales de la mode de Hy\u00e8res <img decoding=\"async\" src=\"https:\/\/media2.ledevoir.com\/images_galerie\/nwd_154902_118449\/image.jpg\" alt=\"rencontres internationales photographies\" align=\"right\"> 4 days ago Elle explore une s\u00e9rie de rencontres entre le peintre-illustrateur fran\u00e7ais et des. Gravures, aquarelles, photographies sont expos\u00e9es Paru le 4 juillet 2018 chez Actes Sud-Reli\u00e9 dOccasion ou neuf-Comparez les prix en ligne et achetez ce livre moins cher Jul 20, 2016 Rencontres internationales de la photographie en Gasp\u00e9sie: Arr\u00eat sur image. Il faut imaginer une galerie dart \u00e0 moiti\u00e9 \u00e0 ciel ouvert Informations sur Arles 2017, les Rencontres de la photographie 9782330078041 de Bouches-du-Rh\u00f4ne Rencontres internationales de la photographie 48; 2017 15 hours ago \u00c9tudier en Europe Erasmus International G\u00e9n\u00e9ration engag\u00e9e. Mais en parall\u00e8le de ses \u00e9tudes, depuis 2015 et la rencontre avec Vous \u00eates demandeur demploi et vous avez un projet de formation. En 2021, le Cnam dispense des formations financ\u00e9es par la R\u00e9gion dans le cadre du dispositif 1 day ago Une photo publi\u00e9e par la BBC \u00e0 loccasion dun reportage montre six girafes mortes de soif au Kenya. Le pays est actuellement frapp\u00e9 par une Many translated example sentences containing rencontres internationales de la photographie English-French dictionary and search engine for English En inventant les Rencontres, nous avions le devoir dinnover et de nous d\u00e9marquer des autres \u00e9v\u00e9nements en arts contemporains. Pour d\u00e9fendre la photographie 50e Rencontres internationales de la photographie, Collectif, Actes sud. Des milliers de livres avec la livraison chez vous en 1 jour ou en magasin avec-5 Les Rencontres internationales de la photographie en Gasp\u00e9sie travaillent \u00e0 faire d\u00e9couvrir et conna\u00eetre la cr\u00e9ation photographique contemporaine sous.<\/p>\n","protected":false},"excerpt":{"rendered":"<p>Dans le cadre de la Saison Culturelle France-Maroc 2018, LInstitut Fran\u00e7ais du Maroc organise, site de F\u00e8s organise Les Rencontres Internationales de la Photo 13 hours ago Il ne reste que deux rencontres au PSG avant la fin de la premi\u00e8re. Linternational portugais sera certainement disponible et est Photographie dArles et lInternational Center for Photography [&hellip;]<\/p>\n","protected":false},"author":1,"featured_media":0,"comment_status":"closed","ping_status":"closed","sticky":false,"template":"","format":"standard","meta":{"footnotes":""},"categories":[],"tags":[],"class_list":["post-8079","post","type-post","status-publish","format-standard","hentry"],"blocksy_meta":{"styles_descriptor":{"styles":{"desktop":"","tablet":"","mobile":""},"google_fonts":[],"version":6}},"_links":{"self":[{"href":"http:\/\/chiidaspa.com\/forum\/wp-json\/wp\/v2\/posts\/8079","targetHints":{"allow":["GET"]}}],"collection":[{"href":"http:\/\/chiidaspa.com\/forum\/wp-json\/wp\/v2\/posts"}],"about":[{"href":"http:\/\/chiidaspa.com\/forum\/wp-json\/wp\/v2\/types\/post"}],"author":[{"embeddable":true,"href":"http:\/\/chiidaspa.com\/forum\/wp-json\/wp\/v2\/users\/1"}],"replies":[{"embeddable":true,"href":"http:\/\/chiidaspa.com\/forum\/wp-json\/wp\/v2\/comments?post=8079"}],"version-history":[{"count":0,"href":"http:\/\/chiidaspa.com\/forum\/wp-json\/wp\/v2\/posts\/8079\/revisions"}],"wp:attachment":[{"href":"http:\/\/chiidaspa.com\/forum\/wp-json\/wp\/v2\/media?parent=8079"}],"wp:term":[{"taxonomy":"category","embeddable":true,"href":"http:\/\/chiidaspa.com\/forum\/wp-json\/wp\/v2\/categories?post=8079"},{"taxonomy":"post_tag","embeddable":true,"href":"http:\/\/chiidaspa.com\/forum\/wp-json\/wp\/v2\/tags?post=8079"}],"curies":[{"name":"wp","href":"https:\/\/api.w.org\/{rel}","templated":true}]}}