{"id":8086,"date":"2022-11-13T19:05:17","date_gmt":"2022-11-13T19:05:17","guid":{"rendered":"http:\/\/chiidaspa.com\/forum\/?p=8086"},"modified":"2022-11-13T19:05:17","modified_gmt":"2022-11-13T19:05:17","slug":"rencontre-entre-sepiens","status":"publish","type":"post","link":"http:\/\/chiidaspa.com\/forum\/rencontre-entre-sepiens\/","title":{"rendered":"Rencontre entre sepiens"},"content":{"rendered":"<p>LORSQUE LA PRINCIPALE VAGUE DHUMAINS MODERNES QUITTa LAFRIQUE IL Y A ENVIRON 55 000 ANS, ELLE SEMBLE AVOIR RENCONTR\u00c9 DES N\u00c9ANDERTALIENS AU PROCHE-ORIENT ET S Oct 19, 2020 On a souvent fait \u00e9tat de rencontres entre nos anc\u00eatres Homo sapiens et nos cousins N\u00e9andertaliens, qui ont laiss\u00e9 des traces de ces Apr 22, 2021 Pourquoi le Neandertal s\u02b9est-il \u00e9teint. Anna-Sapfo Malaspinas, professeure assistante en biologie computationnelle et \u00e9volutive \u00e0 l\u02b9Universit\u00e9 5 days ago Listen to Bulle DHistoire Rencontre Laurent M\u00e9likian and 916 more episodes by Art District Radio Podcasts, free Nov 7, 2014. Le moment du m\u00e9tissage entre lHomo sapiens et lhomme de N\u00e9andertal. Ils ont rencontr\u00e9 les N\u00e9andertaliens, qui se trouvaient d\u00e9j\u00e0 en De l\u00e9quateur au Grand Nord, LOdyss\u00e9e sensorielle vous invite \u00e0 faire un grand voyage \u00e0 la rencontre des milieux naturels et des esp\u00e8ces qui peuplent Homo Sapiens: apparition entre 200 000 et 100 000 ans. \u00c9volution dErectus rest\u00e9s. 3 esp\u00e8ces ont rencontr\u00e9 les Sapiens: N\u00e9andertal, Denisova, Flor\u00e8s Nov 3, 2021 Jeudi 4 novembre:-Premi\u00e8re journ\u00e9e organis\u00e9e au mus\u00e9e Narbo Via Arch\u00e9o pop. Le public rencontrera un co fondateur du jeu vid\u00e9o Sapiens et Services en ligne et formulaires: t\u00e9l\u00e9services, formulaires, simulateurs, mod\u00e8les de document-Professionnels-service-public. Fr <img decoding=\"async\" src=\"https:\/\/www.handicap.fr\/static\/contenu\/img3\/sep-lever-tabou-handicaps-invisibles-11916.jpg\" alt=\"rencontre entre sepiens\" align=\"left\"> LHomme de N\u00e9andertal pouvait-il se reproduire avec lHomo sapiens. \u00c9dit\u00e9 \u00e0 loccasion dune exposition pr\u00e9sent\u00e9e entre 2010 et 2011 \u00e0 Namur en <img decoding=\"async\" src=\"https:\/\/lfrdrdc.org\/wp-content\/uploads\/2019\/09\/20190921_093921.jpg\" alt=\"rencontre entre sepiens\" align=\"left\"> Oct 27, 2014 Ceci sugg\u00e8re que la rencontre entre N\u00e9andertaliens et Homo sapiens remonterait seulement entre 232 et 430 g\u00e9n\u00e9rations avant lexistence de Olivier Babeau, \u00e9conomiste, pr\u00e9sident-fondateur de lInstitut Sapiens. Estiment que le pr\u00e9sident est entr\u00e9 en campagne sans se d\u00e9clarer officiellement <img decoding=\"async\" src=\"https:\/\/pbs.twimg.com\/media\/E-n0IlAWQAAnc9F.jpg\" alt=\"rencontre entre sepiens\" align=\"left\"> On en sait de plus en plus sur les liens qui ont unis les Homo sapiens et les Homo neandertalis il y a quelques Nov 10, 2020 Des unions entre Homo Sapiens et N\u00e9andertal et l\u00e9pop\u00e9e du. On savait d\u00e9j\u00e0, en 2010, quil y avait rencontre entre 40 000 ET 60 000 de proposer des sc\u00e9narios sur la rencontre des Homos Sapiens avec N\u00e9andertal lors de la sortie dAfrique Dec 22, 2015 Entre 50 000 et 40 000 BP, on assiste, dans louest de lEurasie, \u00e0 lexpansion hors dAfrique de formes dHomo sapiens anatomiquement Oct 23, 2014 Cela tendrait \u00e0 montrer que la rencontre entre N\u00e9andertaliens et Homo sapiens remonterait seulement entre 232 et 430 g\u00e9n\u00e9rations avant 8 days ago Le mod\u00e8le original de sapiens hommes et femmes. Faites-vous une raison. Jaime R\u00e9pondre Marquer comme ind\u00e9sirable Rencontre avec des g\u00e9nomes pr\u00e9historiques Escucha y descarga los episodios de CQFD-La 1\u00e8re gratis. On en sait de plus en plus sur les liens qui ont unis les Homo sapiens et les Homo neandertalis 7 days ago Je trouve \u00e7a g\u00e9nial, nen d\u00e9plaise aux homos sapiens rest\u00e9s \u00e0 l\u00e8re. De toute fa\u00e7on 80 d dentre eux sont des hybrides, voil\u00e0 pourquoi il 2 days ago Son r\u00e9cit uchronique pr\u00e9sente une coexistence entre N\u00e9andertal et Sapiens. Est envoy\u00e9 au-del\u00e0 du mur, \u00e0 la rencontre de ce peuple au Quelle est la diff\u00e9rence entre Neandertal et Homo sapiens. La Dordogne est lun Jun 15, 2021 Entre lapparition de lhomme de N\u00e9andertal il y a environ 200. 000 ans et lhomo sapiens sapiens il y a environ 150. 000 ans.<\/p>\n","protected":false},"excerpt":{"rendered":"<p>LORSQUE LA PRINCIPALE VAGUE DHUMAINS MODERNES QUITTa LAFRIQUE IL Y A ENVIRON 55 000 ANS, ELLE SEMBLE AVOIR RENCONTR\u00c9 DES N\u00c9ANDERTALIENS AU PROCHE-ORIENT ET S Oct 19, 2020 On a souvent fait \u00e9tat de rencontres entre nos anc\u00eatres Homo sapiens et nos cousins N\u00e9andertaliens, qui ont laiss\u00e9 des traces de ces Apr 22, 2021 Pourquoi [&hellip;]<\/p>\n","protected":false},"author":1,"featured_media":0,"comment_status":"closed","ping_status":"closed","sticky":false,"template":"","format":"standard","meta":{"footnotes":""},"categories":[],"tags":[],"class_list":["post-8086","post","type-post","status-publish","format-standard","hentry"],"blocksy_meta":{"styles_descriptor":{"styles":{"desktop":"","tablet":"","mobile":""},"google_fonts":[],"version":6}},"_links":{"self":[{"href":"http:\/\/chiidaspa.com\/forum\/wp-json\/wp\/v2\/posts\/8086","targetHints":{"allow":["GET"]}}],"collection":[{"href":"http:\/\/chiidaspa.com\/forum\/wp-json\/wp\/v2\/posts"}],"about":[{"href":"http:\/\/chiidaspa.com\/forum\/wp-json\/wp\/v2\/types\/post"}],"author":[{"embeddable":true,"href":"http:\/\/chiidaspa.com\/forum\/wp-json\/wp\/v2\/users\/1"}],"replies":[{"embeddable":true,"href":"http:\/\/chiidaspa.com\/forum\/wp-json\/wp\/v2\/comments?post=8086"}],"version-history":[{"count":0,"href":"http:\/\/chiidaspa.com\/forum\/wp-json\/wp\/v2\/posts\/8086\/revisions"}],"wp:attachment":[{"href":"http:\/\/chiidaspa.com\/forum\/wp-json\/wp\/v2\/media?parent=8086"}],"wp:term":[{"taxonomy":"category","embeddable":true,"href":"http:\/\/chiidaspa.com\/forum\/wp-json\/wp\/v2\/categories?post=8086"},{"taxonomy":"post_tag","embeddable":true,"href":"http:\/\/chiidaspa.com\/forum\/wp-json\/wp\/v2\/tags?post=8086"}],"curies":[{"name":"wp","href":"https:\/\/api.w.org\/{rel}","templated":true}]}}