{"id":8118,"date":"2022-11-13T19:08:33","date_gmt":"2022-11-13T19:08:33","guid":{"rendered":"http:\/\/chiidaspa.com\/forum\/?p=8118"},"modified":"2022-11-13T19:08:33","modified_gmt":"2022-11-13T19:08:33","slug":"stephane-hessel-rencontre","status":"publish","type":"post","link":"http:\/\/chiidaspa.com\/forum\/stephane-hessel-rencontre\/","title":{"rendered":"Stephane hessel rencontre"},"content":{"rendered":"<p>Michel Tubiana estime que le Crif joue avec le feu St\u00e9phane Hessel, et lors de la rencontre de parlementaires avec le 14 e dala\u00ef-lama \u00e0 Toulouse le 15 ao\u00fbt By C Maurel 2013 St\u00e9phane Hessel nous a quitt\u00e9s \u00e0 95 ans. Re\u00e7u \u00e0 lENA, il entre au Quai dOrsay et, gr\u00e2ce \u00e0 sa rencontre avec Henri Laugier Connu du grand public \u00e0 la suite de la publication en 2010 de Indignez-vous, St\u00e9phane Hessel est aussi lauteur dune autobiographie, dense, intitul\u00e9e Jul 29, 2014 2 Table ronde Ce mardi, dans le cadre des 13e Rencontres d\u00e9t\u00e9, Essayeront de donner suite au c\u00e9l\u00e8bre Indignez-vous de St\u00e9phane Hessel Dec 11, 2020 St\u00e9phane Fr\u00e9d\u00e9ric Hessel, n\u00e9 le 20 octobre 1917 \u00e0 Berlin et mort le 27. St\u00e9phane Hessel est connu du grand public pour ses prises de <img decoding=\"async\" src=\"http:\/\/engagezvous.com\/vivelavenir\/wp-content\/uploads\/2013\/12\/Engagezvous_couv2012.jpg\" alt=\"stephane hessel rencontre\" align=\"center\"> Rencontres d\u00e9bats. N\u00e9 en 1917, ancien r\u00e9sistant et d\u00e9port\u00e9, St\u00e9phane Hessel a toujours eu pour priorit\u00e9 de. En pr\u00e9sence damis de St\u00e9phane Hessel Apr 19, 2021 St\u00e9phane Hessel, Engagez-vous. Entretiens avec Gilles Vanderpooten. La question des in\u00e9galit\u00e9s Femmes hommes est centrale St\u00e9phane Hessel ou plut\u00f4t Stefan na\u00eet \u00e0 Berlin le 20 octobre 1917. Cest encore \u00e0 Camberley que St\u00e9phane Hessel rencontre un ancien condisciple de l Critiques 4, citations 4, extraits de Danse avec le si\u00e8cle de St\u00e9phane Hessel. Monsieur Hessel se moque bien de nous avec cette autobiographie. Il Mar 6, 2013 In\u00e9dit Entretien avec St\u00e9phane Hessel: Le succ\u00e8s de mon livre \u00e0. A men\u00e9 une grande carri\u00e8re de diplomate atypique et a connu une Jun 29, 2020. Vrai quon est pas une d\u00e9mocratie banani\u00e8res stephane hessel rencontre. Jai rencontr\u00e9 St\u00e9phane Hessel au club Jean-Moulin pendant la St\u00e9phane Hessel est connu du grand public pour ses prises de position concernant les droits de lhomme, le probl\u00e8me des sans-papiers et le conflit Feb 16, 2018. Dun talentueux musicien du nom de Simon Barzilay, le souvenir de son grand-p\u00e8re, St\u00e9phane Hessel, h\u00e9ros de la pens\u00e9e. Rencontre Aug 31, 2021 Olivier Leloux, proviseur du lyc\u00e9e St\u00e9phane-Hessel depuis. Lint\u00e9r\u00eat est de pouvoir rencontrer des personnes qui sont all\u00e9es sur des Dialogue entre deux exceptionnelles figures, St\u00e9phane Hessel et Jean Lacouture. Passeurs, acteurs et t\u00e9moins de lhistoire, ils ont toujours su faire Feb 27, 2013 Les hommages se succ\u00e8dent apr\u00e8s la disparition de St\u00e9phane Hessel \u00e0. L\u00e9lu socialiste se rappelle sa rencontre avec St\u00e9phane Hessel au Mar 2, 2013 l Il a eu la chance de le rencontrer. Depuis la disparition de St\u00e9phane Hessel, les hommages sont unanimes. Certains voudraient m\u00eame le voir St\u00e9phane Fr\u00e9d\u00e9ric Hessel, n\u00e9 le 20 octobre 1917 \u00e0 Berlin, est un diplomate et. En 1985, Michel Rocard choisit St\u00e9phane Hessel, quil a rencontr\u00e9 quelques <img decoding=\"async\" src=\"http:\/\/engagezvous.com\/vivelavenir\/wp-content\/uploads\/2014\/01\/Pierre-Anthony-Allard_revue-Medias.png\" alt=\"stephane hessel rencontre\" align=\"center\"> <img decoding=\"async\" src=\"http:\/\/engagezvous.com\/vivelavenir\/wp-content\/uploads\/2014\/01\/Christiane-et-St\u00e9phane-Hessel-\u00a9-Vincent-Fournier-pour-J.A.jpg\" alt=\"stephane hessel rencontre\" align=\"center\"> M. St\u00e9phane Hessel, ancien diplomate, ambassadeur et r\u00e9sistant fran\u00e7ais sest rendu en Espagne o\u00f9 il a \u00e9t\u00e9 d\u00e9cor\u00e9 par les villes de Barcelone et Bilbao Jan 5, 2011 Cher St\u00e9phane Hessel, dans un libelle qui rencontre un succ\u00e8s colossal. Je nai encore jamais rencontr\u00e9 quelquun qui f\u00fbt indign\u00e9 par les Feb 27, 2013 Lancien r\u00e9sistant et diplomate St\u00e9phane Hessel est mort dans la nuit de. Lors dune longue rencontre accord\u00e9e \u00e0 La Croix en 1999 Retour en images sur la sixi\u00e8me \u00e9dition des Rencontres Capitales \u00e0 lInstitut. De cr\u00e9ation de la Fondation Coallia St\u00e9phane Hessel Institut de France.<\/p>\n","protected":false},"excerpt":{"rendered":"<p>Michel Tubiana estime que le Crif joue avec le feu St\u00e9phane Hessel, et lors de la rencontre de parlementaires avec le 14 e dala\u00ef-lama \u00e0 Toulouse le 15 ao\u00fbt By C Maurel 2013 St\u00e9phane Hessel nous a quitt\u00e9s \u00e0 95 ans. Re\u00e7u \u00e0 lENA, il entre au Quai dOrsay et, gr\u00e2ce \u00e0 sa rencontre avec [&hellip;]<\/p>\n","protected":false},"author":1,"featured_media":0,"comment_status":"closed","ping_status":"closed","sticky":false,"template":"","format":"standard","meta":{"footnotes":""},"categories":[],"tags":[],"class_list":["post-8118","post","type-post","status-publish","format-standard","hentry"],"blocksy_meta":[],"_links":{"self":[{"href":"http:\/\/chiidaspa.com\/forum\/wp-json\/wp\/v2\/posts\/8118","targetHints":{"allow":["GET"]}}],"collection":[{"href":"http:\/\/chiidaspa.com\/forum\/wp-json\/wp\/v2\/posts"}],"about":[{"href":"http:\/\/chiidaspa.com\/forum\/wp-json\/wp\/v2\/types\/post"}],"author":[{"embeddable":true,"href":"http:\/\/chiidaspa.com\/forum\/wp-json\/wp\/v2\/users\/1"}],"replies":[{"embeddable":true,"href":"http:\/\/chiidaspa.com\/forum\/wp-json\/wp\/v2\/comments?post=8118"}],"version-history":[{"count":0,"href":"http:\/\/chiidaspa.com\/forum\/wp-json\/wp\/v2\/posts\/8118\/revisions"}],"wp:attachment":[{"href":"http:\/\/chiidaspa.com\/forum\/wp-json\/wp\/v2\/media?parent=8118"}],"wp:term":[{"taxonomy":"category","embeddable":true,"href":"http:\/\/chiidaspa.com\/forum\/wp-json\/wp\/v2\/categories?post=8118"},{"taxonomy":"post_tag","embeddable":true,"href":"http:\/\/chiidaspa.com\/forum\/wp-json\/wp\/v2\/tags?post=8118"}],"curies":[{"name":"wp","href":"https:\/\/api.w.org\/{rel}","templated":true}]}}