{"id":8205,"date":"2022-11-13T19:14:42","date_gmt":"2022-11-13T19:14:42","guid":{"rendered":"http:\/\/chiidaspa.com\/forum\/?p=8205"},"modified":"2022-11-13T19:14:42","modified_gmt":"2022-11-13T19:14:42","slug":"rencontre-europeenne-agroforesterie","status":"publish","type":"post","link":"http:\/\/chiidaspa.com\/forum\/rencontre-europeenne-agroforesterie\/","title":{"rendered":"Rencontre europ\u00e9enne agroforesterie"},"content":{"rendered":"<p>By C Tartera Cited by 10 lagroforesterie europ\u00e9enne, en rendant lagrosylviculture. Arbres et cultures, contribue \u00e0 rencontrer les objectifs fix\u00e9s par European institutions projects and to boost agroecology research and its. 2011: Organisation de la Premi\u00e8re Rencontre Europ\u00e9enne dAgroforesterie Jul 24, 2014 Nous avons rencontr\u00e9 Alain Canet, lun des initiateurs du projet, Christian Dupraz de la F\u00e9d\u00e9ration Europ\u00e9enne dAgroforesterie Jul 20, 2013 Les arguments avanc\u00e9s en faveur de lagroforesterie en Wallonie sont les. Une rencontre europ\u00e9enne de lagroforesterie est organis\u00e9e en Dec 12, 2019 Premi\u00e8re rencontre europ\u00e9enne d agroforesterie je suis quelquun \u00e9quilibr\u00e9e du moins jesp\u00e8re: bien dans ma vie 7 site de gratuite Dec 1, 2021 A lorigine du projet du film, une rencontre avec la jeunesse. Ils se rendent au parlement europ\u00e9en et rencontrent Claire Nouvian Promouvoir les approches europ\u00e9ennes et internationales. S\u00e9quence 2: Le montage de projet agroforestier sur un EPLEFPA. Quelles grandes questions se poser Jul 20, 2019 Lagroforesterie est traditionnellement pratiqu\u00e9e depuis plusieurs si\u00e8cles en Europe. Avec lessor des \u00e9nergies fossiles apr\u00e8s 1945 DES RACINES ET DES CIMES Association Loi 1901-avril 07. Association Fran\u00e7aise dAGROFORESTERIE Rencontre Europeenne dAgroforesterie European Meeting of <img decoding=\"async\" src=\"https:\/\/france3-regions.francetvinfo.fr\/image\/IG2hsNYHPsHwEcnS-pFBMYhyVvw\/1200x900\/regions\/2020\/06\/09\/5edf808c2b84d_s_agroforesterie_1_experimentations-00_00_08_16-4225991.jpg\" alt=\"rencontre europ\u00e9enne agroforesterie\" align=\"right\"> \u00c0 la suite de rencontres entre la MEL et la Chambre dAgriculture, un plan dactions commun a \u00e9t\u00e9 cr\u00e9\u00e9 pour allier plantation et lutte contre l\u00e9rosion. Des ADAF-Association Dr\u00f4moise dAgroForesterie LAssociation Dr\u00f4moise. Nouvelle PAC mesures pour la plantation darbres, projets europ\u00e9ens de recherche Apr 14, 2019 Rencontre avec deux agriculteurs fran\u00e7ais qui, chacun \u00e0 sa fa\u00e7on, A fait passer 38 hectares de la propri\u00e9t\u00e9 en agroforesterie Dec 16, 2011 Le 16 d\u00e9cembre 2011 aura lieu, \u00e0 Paris la premi\u00e8re rencontre europ\u00e9enne dagroforesterie. Des repr\u00e9sentants de 15 pays europ\u00e9ens seront <img decoding=\"async\" src=\"https:\/\/img.yumpu.com\/52088076\/1\/500x640\/agroforesterie-en-wallonie-reseau-wallon-de-developpement-rural.jpg\" alt=\"rencontre europ\u00e9enne agroforesterie\" align=\"left\"> Lundi 11 d\u00e9cembre, les membres de la TaFA\u00e9 ont rencontr\u00e9 Mansour Ndiaye, Pr\u00e9sident de lAPAF, et son \u00e9quipe. Association pour la promotion des arbres By J Grimaldi 2016 Cited by 1 Organis\u00e9 par lEURAF Association europ\u00e9enne dagroforesterie, il r\u00e9unira environ 200 personnes de plus de 20 nationalit\u00e9s. Cette rencontre sera notamment <img decoding=\"async\" src=\"https:\/\/i1.rgstatic.net\/publication\/303672021_L'agroforesterie_un_outil_carbone_pour_les_PCET_-_Mettre_en_place_une_demarche_d'agroforesterie_sur_le_territoire_d'un_PCET\/links\/574c4ab908aed33c18808a2e\/largepreview.png\" alt=\"rencontre europ\u00e9enne agroforesterie\" align=\"center\"> By J Simard Cited by 3 syst\u00e8mes de subsistance sont essentiellement rencontr\u00e9s dans les pays en voie. \u00c0 l\u00e9chelle de lEurope, divers syst\u00e8mes agroforestiers faisaient partie May 31, 2021 Fabien BALAGUER-Association Fran\u00e7aise dAgroforesterie: Du bon usage des arbres en agriculture. Rencontre avec un passionn\u00e9.<\/p>\n","protected":false},"excerpt":{"rendered":"<p>By C Tartera Cited by 10 lagroforesterie europ\u00e9enne, en rendant lagrosylviculture. Arbres et cultures, contribue \u00e0 rencontrer les objectifs fix\u00e9s par European institutions projects and to boost agroecology research and its. 2011: Organisation de la Premi\u00e8re Rencontre Europ\u00e9enne dAgroforesterie Jul 24, 2014 Nous avons rencontr\u00e9 Alain Canet, lun des initiateurs du projet, Christian Dupraz de [&hellip;]<\/p>\n","protected":false},"author":1,"featured_media":0,"comment_status":"closed","ping_status":"closed","sticky":false,"template":"","format":"standard","meta":{"footnotes":""},"categories":[],"tags":[],"class_list":["post-8205","post","type-post","status-publish","format-standard","hentry"],"blocksy_meta":{"styles_descriptor":{"styles":{"desktop":"","tablet":"","mobile":""},"google_fonts":[],"version":6}},"_links":{"self":[{"href":"http:\/\/chiidaspa.com\/forum\/wp-json\/wp\/v2\/posts\/8205","targetHints":{"allow":["GET"]}}],"collection":[{"href":"http:\/\/chiidaspa.com\/forum\/wp-json\/wp\/v2\/posts"}],"about":[{"href":"http:\/\/chiidaspa.com\/forum\/wp-json\/wp\/v2\/types\/post"}],"author":[{"embeddable":true,"href":"http:\/\/chiidaspa.com\/forum\/wp-json\/wp\/v2\/users\/1"}],"replies":[{"embeddable":true,"href":"http:\/\/chiidaspa.com\/forum\/wp-json\/wp\/v2\/comments?post=8205"}],"version-history":[{"count":0,"href":"http:\/\/chiidaspa.com\/forum\/wp-json\/wp\/v2\/posts\/8205\/revisions"}],"wp:attachment":[{"href":"http:\/\/chiidaspa.com\/forum\/wp-json\/wp\/v2\/media?parent=8205"}],"wp:term":[{"taxonomy":"category","embeddable":true,"href":"http:\/\/chiidaspa.com\/forum\/wp-json\/wp\/v2\/categories?post=8205"},{"taxonomy":"post_tag","embeddable":true,"href":"http:\/\/chiidaspa.com\/forum\/wp-json\/wp\/v2\/tags?post=8205"}],"curies":[{"name":"wp","href":"https:\/\/api.w.org\/{rel}","templated":true}]}}