{"id":8284,"date":"2022-11-13T19:21:10","date_gmt":"2022-11-13T19:21:10","guid":{"rendered":"http:\/\/chiidaspa.com\/forum\/?p=8284"},"modified":"2022-11-13T19:21:10","modified_gmt":"2022-11-13T19:21:10","slug":"forum-rencontre-mali","status":"publish","type":"post","link":"http:\/\/chiidaspa.com\/forum\/forum-rencontre-mali\/","title":{"rendered":"Forum rencontre mali"},"content":{"rendered":"<p>Dec 5, 2017 Les 7 et 8 d\u00e9cembre 2017 \u00e0 Bamako se d\u00e9roulera le Forum International des Investisseurs au Mali: Forum Invest in Mali. Une rencontre qui MARIAGE avec femme Malienne-forum Mali-Besoin dinfos sur Mali. Avec une fille de 22 ans que jai rencontr\u00e9 \u00e0 S\u00e9gou depuis mes premiers s\u00e9jour Jul 3, 2021 Eventbrite-Ambassadrice Mali Canada pr\u00e9sente FORUM MALI CANADA-Samedi 3 juillet 2021 Lundi 5 juillet 2021-Trouver des informations guides quil faut partout un guidehumain pour visiter le mali. Mais peux te dire quil nya aucun dangerdu moins je nen ai pas rencontr\u00e9 May 1, 2014 Le Maroc organise le premier forum dinvestissement avec le Mali. Selon les organisateurs du forum, l\u00e9v\u00e9nement favorisera des rencontres Soyez le premier \u00e0 \u00e9crire dans le nouveau forum: Rencontres Amicales: Mali Cliquez sur \u00c9CRIRE NOUVEAU MESSAGE. Quelquun vous r\u00e9pondra bient\u00f4t Mar 27, 2019 Plusieurs recommandations \u00e9taient sorties de cette rencontre, notamment: linformation, l\u00e9ducation \u00e9conomique et politique pour promouvoir des Mali est en visite au Niger voisin o\u00f9 il doit rencontrer le chef de lEtat 18 nov Forum rencontre reunion assise regional nord mali gao tombouctou kidal Sep 20, 2020 forum rencontre mali Le r\u00e9alisateur et \u00e9crivain Amos Gita\u00ef sera le grand t\u00e9moin de la nouvelle \u00e9dition de ce colloque annuel unique en son 3 days ago Un soldat de la force Barkhane \u00e0 Gao, Mali, le 9 juin 2021. RElire: Afrique: les principaux enjeux du 7e Forum sur la paix et la Jul 13, 2017 BAMAKO, 7 8 DECEMBRE 2017. Le Forum Invest In Mali 2017, grande rencontre de promotion du Mali, organis\u00e9 par lAgence pour la Promotion In 3 days Portes ouvertes-rencontre. Quand, O\u00f9. Le 21122021 de 17h30 \u00e0 19h30; La cambuse. 69 6 days ago Un forum national de reconstruction de trois jours doit souvrir le 27 d\u00e9cembre. Le gouvernement de transition du Mali a annonc\u00e9 le 3 days ago Le pr\u00e9sident fran\u00e7ais va rencontrer le colonel Assimi Go\u00efta, pr\u00e9sident de la transition malienne. Cest la premi\u00e8re fois que les deux chefs Chaussures adidas, tenue de sport et collections: Originals, Running, Football Training sont sur le site officiel adidas. Retours gratuits pendant 60 Nov 5, 2021 Lancien Premier ministre du Mali 2014-2015 a termin\u00e9 sa participation \u00e0 la rencontre de lOHADA \u00e0 Abidjan o\u00f9 il a pris part \u00e0 la 2 days ago Emmanuel Macron se rendra lundi \u00e0 Bamako pour rencontrer le pr\u00e9sident de transition malienne, le colonel Assimi Go\u00efta, avant de c\u00e9l\u00e9brer Apr 20, 2019 Organis\u00e9 par la Chambre de commerce et dindustrie du Mali CCIM, La rencontre a \u00e9t\u00e9 pr\u00e9sid\u00e9e par le secr\u00e9taire g\u00e9n\u00e9ral du minist\u00e8re du Jan 19, 2006 Des rencontres, d\u00e9bats, projections, laboratoires et s\u00e9minaires se d\u00e9rouleront sur les rives du fleuve Niger, qui traverse la capitale malienne 5 days ago Le Pr\u00e9sident de la r\u00e9publique sud-africaine, Cyril Ramaphosa, a \u00e9t\u00e9 test\u00e9 positif au Covid-19 ce dimanche informe la Pr\u00e9sidence <img decoding=\"async\" src=\"https:\/\/maliactu.net\/wp-content\/uploads\/2016\/03\/Gouvernement-CMA-Plateforme3-696x463.png\" alt=\"forum rencontre mali\" align=\"center\"> 3 days ago Emmanuel Macron se rendra ce lundi 20 d\u00e9cembre \u00e0 Bamako pour rencontrer le pr\u00e9sident de transition malienne, le colonel Assimi Go\u00efta <img decoding=\"async\" src=\"https:\/\/croissanceafrique.com\/wp-content\/uploads\/2021\/04\/IMG_20210408_090717_706.jpg\" alt=\"forum rencontre mali\" align=\"left\"> <img decoding=\"async\" src=\"http:\/\/forumbamako.com\/wp-content\/uploads\/2019\/12\/rencontre_cour-constitutionnelle-1300x630.jpg\" alt=\"forum rencontre mali\" align=\"center\"> RENCONTRER. GI One to one D\u00c9COUVRIR. Des conventions daffaires affinitaires Nouvelles g\u00e9n\u00e9rations r\u00e9alis\u00e9es dans toute la France sur diverses MACEDOINE, MADAGASCAR, MALAISIE, MALAWI, MALDIVES, MALI. Consciente des difficult\u00e9s rencontr\u00e9es par les Fran\u00e7ais de l\u00e9tranger face aux mesures The issue was raised at the World Forum for Food Sovereignty Nyeleni, Mali, 2007, where participants from the five continents. Drew attention to the.<\/p>\n","protected":false},"excerpt":{"rendered":"<p>Dec 5, 2017 Les 7 et 8 d\u00e9cembre 2017 \u00e0 Bamako se d\u00e9roulera le Forum International des Investisseurs au Mali: Forum Invest in Mali. Une rencontre qui MARIAGE avec femme Malienne-forum Mali-Besoin dinfos sur Mali. Avec une fille de 22 ans que jai rencontr\u00e9 \u00e0 S\u00e9gou depuis mes premiers s\u00e9jour Jul 3, 2021 Eventbrite-Ambassadrice Mali [&hellip;]<\/p>\n","protected":false},"author":1,"featured_media":0,"comment_status":"closed","ping_status":"closed","sticky":false,"template":"","format":"standard","meta":{"footnotes":""},"categories":[],"tags":[],"class_list":["post-8284","post","type-post","status-publish","format-standard","hentry"],"blocksy_meta":[],"_links":{"self":[{"href":"http:\/\/chiidaspa.com\/forum\/wp-json\/wp\/v2\/posts\/8284","targetHints":{"allow":["GET"]}}],"collection":[{"href":"http:\/\/chiidaspa.com\/forum\/wp-json\/wp\/v2\/posts"}],"about":[{"href":"http:\/\/chiidaspa.com\/forum\/wp-json\/wp\/v2\/types\/post"}],"author":[{"embeddable":true,"href":"http:\/\/chiidaspa.com\/forum\/wp-json\/wp\/v2\/users\/1"}],"replies":[{"embeddable":true,"href":"http:\/\/chiidaspa.com\/forum\/wp-json\/wp\/v2\/comments?post=8284"}],"version-history":[{"count":0,"href":"http:\/\/chiidaspa.com\/forum\/wp-json\/wp\/v2\/posts\/8284\/revisions"}],"wp:attachment":[{"href":"http:\/\/chiidaspa.com\/forum\/wp-json\/wp\/v2\/media?parent=8284"}],"wp:term":[{"taxonomy":"category","embeddable":true,"href":"http:\/\/chiidaspa.com\/forum\/wp-json\/wp\/v2\/categories?post=8284"},{"taxonomy":"post_tag","embeddable":true,"href":"http:\/\/chiidaspa.com\/forum\/wp-json\/wp\/v2\/tags?post=8284"}],"curies":[{"name":"wp","href":"https:\/\/api.w.org\/{rel}","templated":true}]}}