{"id":8781,"date":"2022-11-13T19:58:28","date_gmt":"2022-11-13T19:58:28","guid":{"rendered":"http:\/\/chiidaspa.com\/forum\/?p=8781"},"modified":"2022-11-13T19:58:28","modified_gmt":"2022-11-13T19:58:28","slug":"rencontre-avec-le-pape","status":"publish","type":"post","link":"http:\/\/chiidaspa.com\/forum\/rencontre-avec-le-pape\/","title":{"rendered":"Rencontre avec le pape"},"content":{"rendered":"<p>\u00c0 lorigine peintre dhistoire, il ne tarda pas \u00e0 devenir un chantre de la ruralit\u00e9. Il renoue ici avec ses premi\u00e8res amours. Le th\u00e9\u00e2tre de la rencontre est le C. Toit pas en cette rencontre avec ass\u00e9s de prudence, que les maux quil. Le Pape donnoit atteinte \u00e0 la doctrine des P\u00e8res, qui ont enseign\u00e9 que les <img decoding=\"async\" src=\"https:\/\/img.youtube.com\/vi\/mt3KAzaRIYs\/hqdefault.jpg\" alt=\"rencontre avec le pape\" align=\"left\"> Nov 26, 2021 Emmanuel Macron rencontre ce vendredi et pour la deuxi\u00e8me fois le pape Fran\u00e7ois, qui na jamais visit\u00e9 la France Un catholique de Moutier organise sa 11e exposition sur la Nativit\u00e9, avec une passion d\u00e9cupl\u00e9e par sa rencontre avec le pape Fran\u00e7ois <img decoding=\"async\" src=\"https:\/\/cdn-s-www.ledauphine.com\/images\/1A312F99-6EAA-402C-B40D-E119B14DE78F\/NW_raw\/au-sein-d-une-delegation-des-entrepreneurs-et-dirigeants-chretiens-en-voyage-au-vatican-pierre-bredeau-a-pu-serrer-la-main-du-souverain-pontife-et-echanger-quelques-mots-avec-lui-photo-vatican-media-1641919671.jpg\" alt=\"rencontre avec le pape\" align=\"right\"> Ce lundi 13 septembre 2021 \u00e0 10h45, en la cath\u00e9drale Saint-Martin de Bratislava, le pape Fran\u00e7ois rencontre Essayiste exp\u00e9riment\u00e9 et conf\u00e9rencier international, Mustapha Ch\u00e9rif, penseur et philosophe alg\u00e9rien nous retrace ici sa rencontre avec le Pape Oct 1, 2020 Le maire, Martial Beyaert, a particip\u00e9 \u00e0 une r\u00e9union avec le Pape Fran\u00e7ois 1er. Il revient sur cette rencontre Nov 25, 2021 Trois ans apr\u00e8s une premi\u00e8re rencontre jug\u00e9e particuli\u00e8rement r\u00e9ussie, Macron a gard\u00e9 une relation suivie avec le pape Fran\u00e7ois A loccasion du centenaire des relations entre la France et le Vatican, le Premier ministre a rencontr\u00e9 le Pape Ce lundi 6 d\u00e9cembre 2021, \u00e0 8h45 heure de Rome, le pape Fran\u00e7ois rencontre des jeunes Grecs r\u00e9unis \u00e0 l Jan 31, 2019 Le grand imam de linfluente institution sunnite Al-Azhar, Ahmad Al-Tayeb, a rencontr\u00e9 mardi \u00e0 Rome le pape Fran\u00e7ois au Vatican Sep 15, 2021 Mgr Beno\u00eet Bertrand revient sur sa rencontre avec le Saint-P\u00e8re dans la capitale italienne. Les \u00e9v\u00eaques se sont exprim\u00e9s en fran\u00e7ais, le pape Nov 26, 2021 Emmanuel Macron au Vatican pour rencontrer le pape Fran\u00e7ois. Emmanuel Macron se rend au Vatican pour sentretenir avec le pape Fran\u00e7ois Oct 18, 2021 Immigration au menu avec Draghi. Dans lapr\u00e8s-midi, M. Castex, accompagn\u00e9 du ministre des Affaires \u00e9trang\u00e8res Jean-Yves Le Drian et du ministre 24 hours ago Un catholique de Moutier organise sa 11e exposition sur la Nativit\u00e9, avec une passion d\u00e9cupl\u00e9e par sa rencontre avec le pape Fran\u00e7ois <img decoding=\"async\" src=\"https:\/\/www.gala.fr\/imgre\/fit\/https.3A.2F.2Fi.2Epmdstatic.2Enet.2Fgal.2F2021.2F12.2F02.2F7fceeda0-9e2f-4701-9499-3e16b9e1d83c.2Ejpeg\/1120x747\/quality\/80\/thumbnail.jpeg\" alt=\"rencontre avec le pape\" align=\"center\"> Apr 7, 2018 Cette audience a lieu \u00e0 la fin de la rencontre sacerdotale annuelle des pr\u00eatres de la Communaut\u00e9. Audience avec le Pape discours May 24, 2017 En marge dune rencontre avec le gouvernement italien, Donald Trump sest exclam\u00e9 en parlant du pape: Cest vraiment quelquun.. Nous avons Dec 2, 2021 Le 26 novembre dernier, Emmanuel Macron a \u00e9t\u00e9 re\u00e7u en audience priv\u00e9e par le pape Fran\u00e7ois. Quelques jours plus tard, le chef de l\u00c9tat a Feb 5, 2016 Avec son image progressiste, ses discours porteurs dun message damour et de. De nombreuses autres c\u00e9l\u00e9brit\u00e9s ont rencontr\u00e9 le Pape Jun 29, 2021. Avec la Conf\u00e9rence des \u00e9v\u00eaques catholiques du Canada pour envoyer une d\u00e9l\u00e9gation de repr\u00e9sentants autochtones pour rencontrer le pape Jun 26, 2018 Emmanuel Macron a pass\u00e9 une heure avec le pape, en visite priv\u00e9e. Un entretien entour\u00e9 dun protocole codifi\u00e9, qui tranche avec la Nov 18, 2021 La rencontre avec le pape interviendra alors que lEglise catholique traverse une crise profonde en France. Dans son rapport publi\u00e9 en que saint Gr\u00e9goire Gt \u00e0 Rome avec Tiridate, et Gr\u00e9goire, ce martyr vivant. Et du pape Sylvestre, tis avec un cort\u00e8ge imposant \u00e0 la rencontre avec 16 hours ago Le cardinal Czerny pense \u00e9galement \u00e0 ses exp\u00e9riences personnelles de rencontre avec le Pape, disant quil a \u00e9t\u00e9 le plus frapp\u00e9 par.<\/p>\n","protected":false},"excerpt":{"rendered":"<p>\u00c0 lorigine peintre dhistoire, il ne tarda pas \u00e0 devenir un chantre de la ruralit\u00e9. Il renoue ici avec ses premi\u00e8res amours. Le th\u00e9\u00e2tre de la rencontre est le C. Toit pas en cette rencontre avec ass\u00e9s de prudence, que les maux quil. Le Pape donnoit atteinte \u00e0 la doctrine des P\u00e8res, qui ont enseign\u00e9 [&hellip;]<\/p>\n","protected":false},"author":1,"featured_media":0,"comment_status":"closed","ping_status":"closed","sticky":false,"template":"","format":"standard","meta":{"footnotes":""},"categories":[],"tags":[],"class_list":["post-8781","post","type-post","status-publish","format-standard","hentry"],"blocksy_meta":[],"_links":{"self":[{"href":"http:\/\/chiidaspa.com\/forum\/wp-json\/wp\/v2\/posts\/8781","targetHints":{"allow":["GET"]}}],"collection":[{"href":"http:\/\/chiidaspa.com\/forum\/wp-json\/wp\/v2\/posts"}],"about":[{"href":"http:\/\/chiidaspa.com\/forum\/wp-json\/wp\/v2\/types\/post"}],"author":[{"embeddable":true,"href":"http:\/\/chiidaspa.com\/forum\/wp-json\/wp\/v2\/users\/1"}],"replies":[{"embeddable":true,"href":"http:\/\/chiidaspa.com\/forum\/wp-json\/wp\/v2\/comments?post=8781"}],"version-history":[{"count":0,"href":"http:\/\/chiidaspa.com\/forum\/wp-json\/wp\/v2\/posts\/8781\/revisions"}],"wp:attachment":[{"href":"http:\/\/chiidaspa.com\/forum\/wp-json\/wp\/v2\/media?parent=8781"}],"wp:term":[{"taxonomy":"category","embeddable":true,"href":"http:\/\/chiidaspa.com\/forum\/wp-json\/wp\/v2\/categories?post=8781"},{"taxonomy":"post_tag","embeddable":true,"href":"http:\/\/chiidaspa.com\/forum\/wp-json\/wp\/v2\/tags?post=8781"}],"curies":[{"name":"wp","href":"https:\/\/api.w.org\/{rel}","templated":true}]}}