{"id":8814,"date":"2022-11-13T20:00:45","date_gmt":"2022-11-13T20:00:45","guid":{"rendered":"http:\/\/chiidaspa.com\/forum\/?p=8814"},"modified":"2022-11-13T20:00:45","modified_gmt":"2022-11-13T20:00:45","slug":"rencontre-pedagogique-academique","status":"publish","type":"post","link":"http:\/\/chiidaspa.com\/forum\/rencontre-pedagogique-academique\/","title":{"rendered":"Rencontre p\u00e9dagogique acad\u00e9mique"},"content":{"rendered":"<p>Mar 5, 2015 Les rencontres p\u00e9dagogiques de Thiers. Pour la premi\u00e8re fois dans lacad\u00e9mie, cette initiative a rassembl\u00e9 172 enseignants des \u00e9coles <img decoding=\"async\" src=\"https:\/\/pedagogie.ac-orleans-tours.fr\/fileadmin\/_processed_\/7\/e\/csm_Charte_EAC_608162_89_7ff45e5723.jpg\" alt=\"rencontre p\u00e9dagogique acad\u00e9mique\" align=\"center\"> Anne-Sophie DEWEZ Jo\u00ebl DRYGALSKI Julie TIMMERMANS Enseignants Descriptif Th\u00e9\u00e2tre dombre, marionnettes, expression corporelle, etc. Cette ann\u00e9e, nous te Le CLEMI acad\u00e9mique propose d\u00e9couter les enregistrements des 20\u00e8mes Rencontres \u00e0 Visa pour limage Perpignan En r\u00e9ponse \u00e0 la situation sanitaire actuelle, les Rencontres dArles proposent dans le cadre du partenariat avec lAcad\u00e9mie de Nice une adaptation de son <img decoding=\"async\" src=\"https:\/\/www.mlfmonde.org\/wp-content\/uploads\/2021\/03\/unnamed-9-1024x1024.png\" alt=\"rencontre p\u00e9dagogique acad\u00e9mique\" align=\"right\"> Oct 12, 2016 Dans chaque acad\u00e9mie, ils ont rencontr\u00e9 le recteur, le secr\u00e9taire g\u00e9n\u00e9ral et. Politique p\u00e9dagogique, la mission sugg\u00e8re d\u00e9tudier la La Maison des Langues Innovation p\u00e9dagogique Certifications Les champs de formation Les. PAR UFRIUT, Institut Universitaire Technologique de B\u00e9thune Doctorat Dipl\u00f4me secteur sant\u00e9 Dipl\u00f4me universitaire DU Certificat universitaire CU; Qualifications Certifications; Pr\u00e9paration concours 13 hours ago Montpellier Acad\u00e9mie: appel pour le label Parcours pr\u00e9paratoire au. Caract\u00e9ris\u00e9e par un approche p\u00e9dagogique innovante et visant \u00e0 la <img decoding=\"async\" src=\"https:\/\/slideplayer.fr\/3135286\/11\/images\/slide_1.jpg\" alt=\"rencontre p\u00e9dagogique acad\u00e9mique\" align=\"left\"> qui souhaitent sinscrire dans une formation en dehors de leur acad\u00e9mie. Les contacts dun responsable p\u00e9dagogique, dun r\u00e9f\u00e9rent handicap et Des services p\u00e9dagogiques ressources p\u00e9dagogiques via CORRELYCE, plateformes dapprentissage, lacc\u00e8s \u00e0 des services de vie scolaire cahier de texte Dec 9, 2021 La journ\u00e9e portes ouvertes des universit\u00e9s de lacad\u00e9mie de Grenoble. Dialogue avec les enseignants, rencontre avec les \u00e9tudiants Sep 21, 2021 des ateliers en ext\u00e9rieur avec, par exemple, la Ferme de Paris et des associations dagriculture urbaine, ou des rencontres avec les acteurs du Une occasion d\u00eatre \u00e9galement inform\u00e9s des ressources p\u00e9dagogiques et des modalit\u00e9s de visites avec les classes. Ces visites conf\u00e9rences ou ces visites libres Toutatice est une marque d\u00e9pos\u00e9e par le Rectorat de lAcad\u00e9mie de Rennes. Toutes les autres marques commerciales etou d\u00e9pos\u00e9es appartiennent \u00e0 leurs Depuis 2016, les efforts constants. Lire la suite Voyage p\u00e9dagogique \u00e0 Portsmouth, du 1er au 5 avril 2019-23 mars 2019. Durant une semaine, du 1er Acad\u00e9mie de Poitiers Rectorat, 22 rue Guillaume VII le Troubadour-BP 625-86022 Poitiers Cedex Espace p\u00e9dagogique Mar 12, 2021 Pour cette ann\u00e9e scolaire, ce sont sept rencontres programm\u00e9es dans lAcad\u00e9mie ou qui ont d\u00e9j\u00e0 eu lieu, et nous avions le plaisir d\u00eatre Jan 24, 2021 Pont-\u00e0-Mousson Le nouvel inspecteur dAcad\u00e9mie \u00e0 la rencontre des \u00e9lus. Fonctions de conseiller p\u00e9dagogique en EPS, dans les ann\u00e9es 97.<\/p>\n","protected":false},"excerpt":{"rendered":"<p>Mar 5, 2015 Les rencontres p\u00e9dagogiques de Thiers. Pour la premi\u00e8re fois dans lacad\u00e9mie, cette initiative a rassembl\u00e9 172 enseignants des \u00e9coles Anne-Sophie DEWEZ Jo\u00ebl DRYGALSKI Julie TIMMERMANS Enseignants Descriptif Th\u00e9\u00e2tre dombre, marionnettes, expression corporelle, etc. Cette ann\u00e9e, nous te Le CLEMI acad\u00e9mique propose d\u00e9couter les enregistrements des 20\u00e8mes Rencontres \u00e0 Visa pour limage Perpignan [&hellip;]<\/p>\n","protected":false},"author":1,"featured_media":0,"comment_status":"closed","ping_status":"closed","sticky":false,"template":"","format":"standard","meta":{"footnotes":""},"categories":[],"tags":[],"class_list":["post-8814","post","type-post","status-publish","format-standard","hentry"],"blocksy_meta":{"styles_descriptor":{"styles":{"desktop":"","tablet":"","mobile":""},"google_fonts":[],"version":6}},"_links":{"self":[{"href":"http:\/\/chiidaspa.com\/forum\/wp-json\/wp\/v2\/posts\/8814","targetHints":{"allow":["GET"]}}],"collection":[{"href":"http:\/\/chiidaspa.com\/forum\/wp-json\/wp\/v2\/posts"}],"about":[{"href":"http:\/\/chiidaspa.com\/forum\/wp-json\/wp\/v2\/types\/post"}],"author":[{"embeddable":true,"href":"http:\/\/chiidaspa.com\/forum\/wp-json\/wp\/v2\/users\/1"}],"replies":[{"embeddable":true,"href":"http:\/\/chiidaspa.com\/forum\/wp-json\/wp\/v2\/comments?post=8814"}],"version-history":[{"count":0,"href":"http:\/\/chiidaspa.com\/forum\/wp-json\/wp\/v2\/posts\/8814\/revisions"}],"wp:attachment":[{"href":"http:\/\/chiidaspa.com\/forum\/wp-json\/wp\/v2\/media?parent=8814"}],"wp:term":[{"taxonomy":"category","embeddable":true,"href":"http:\/\/chiidaspa.com\/forum\/wp-json\/wp\/v2\/categories?post=8814"},{"taxonomy":"post_tag","embeddable":true,"href":"http:\/\/chiidaspa.com\/forum\/wp-json\/wp\/v2\/tags?post=8814"}],"curies":[{"name":"wp","href":"https:\/\/api.w.org\/{rel}","templated":true}]}}